{"id":188,"date":"2016-06-21T20:26:58","date_gmt":"2016-06-21T20:26:58","guid":{"rendered":"http:\/\/10.80.6.168\/wordpress.mapeamento\/?p=188"},"modified":"2019-10-09T16:30:03","modified_gmt":"2019-10-09T16:30:03","slug":"centro-de-atencao-integral-ao-adolescente-caia","status":"publish","type":"post","link":"https:\/\/divulga.unila.edu.br\/umapas\/?p=188","title":{"rendered":"Centro de Aten\u00e7\u00e3o Integral ao Adolescente (CAIA)"},"content":{"rendered":"<p style=\"text-align: justify;\">Mantido e gerenciado pela Sociedade Civil Nossa Senhora Aparecida (SCNSA), o Programa CAIA &#8211; Centro de Aten\u00e7\u00e3o Integral ao Adolescente &#8211; \u00e9 o resultado de um longo caminho em busca de respostas eficazes \u00e0 demanda reprimida de centenas de adolescentes residentes no Bairro Porto Meira, no que diz respeito a lazer, agrega\u00e7\u00e3o, espa\u00e7os de crescimento sadio e sa\u00fade. Suas atividades foram iniciadas em setembro de 2000, com o objetivo de oferecer ao adolescente um programa de assist\u00eancia e educa\u00e7\u00e3o integrais, levando em considera\u00e7\u00e3o os aspectos sociais, econ\u00f4micos, culturais, religiosos, f\u00edsicos e mentais.<\/p>\n<p style=\"text-align: justify;\"><strong>P\u00fablico-alvo:<\/strong> crian\u00e7as e adolescentes.<\/p>\n<p style=\"text-align: justify;\"><strong>Endere\u00e7o:<\/strong> Avenida Morenitas, 2195, Jardim das Flores, Foz do Igua\u00e7u, Paran\u00e1, Brasil. CEP: 85855-190.<\/p>\n<p style=\"text-align: justify;\"><strong>Contato:<\/strong> (45) 35299456 | (45) 999417647 |\u00a0<span data-sheets-value=\"{&quot;1&quot;:2,&quot;2&quot;:&quot;caiascnsa@hotmail.com&quot;}\" data-sheets-userformat=\"{&quot;2&quot;:13249,&quot;3&quot;:{&quot;1&quot;:0,&quot;3&quot;:1},&quot;9&quot;:1,&quot;10&quot;:1,&quot;11&quot;:4,&quot;12&quot;:0,&quot;15&quot;:&quot;Comic Sans MS&quot;,&quot;16&quot;:12}\">caiascnsa@hotmail.com<\/span> |\u00a0<a href=\"https:\/\/www.scnsa.com.br\/pt-br\/\" target=\"_blank\">https:\/\/www.scnsa.com.br\/pt-br\/<\/a> | <a href=\"https:\/\/www.facebook.com\/caiafoz\/\" target=\"_blank\">https:\/\/www.facebook.com\/caiafoz\/<\/a><\/p>\n<p style=\"text-align: justify;\"><strong>Demandas:<\/strong> Atividades culturais nas \u00e1reas de m\u00fasica, teatro, dan\u00e7a, cinema, entre outras.<\/p>\n","protected":false},"excerpt":{"rendered":"<p>Mantido e gerenciado pela Sociedade Civil Nossa Senhora Aparecida (SCNSA), o Programa CAIA &#8211; Centro de Aten\u00e7\u00e3o Integral ao Adolescente &#8211; \u00e9 o resultado de um longo caminho em busca de respostas eficazes \u00e0 demanda reprimida de centenas de adolescentes residentes no Bairro Porto Meira, no que diz respeito a lazer, agrega\u00e7\u00e3o, espa\u00e7os de crescimento [&hellip;]<\/p>\n","protected":false},"author":2,"featured_media":0,"comment_status":"closed","ping_status":"closed","sticky":false,"template":"","format":"standard","meta":{"footnotes":""},"categories":[32,41,30],"tags":[36,37,17,26],"class_list":["post-188","post","type-post","status-publish","format-standard","hentry","category-associacao-privada","category-atores-sociais","category-instituicao-privada","tag-adolescente","tag-caia","tag-crianca","tag-foz-do-iguacu"],"_links":{"self":[{"href":"https:\/\/divulga.unila.edu.br\/umapas\/index.php?rest_route=\/wp\/v2\/posts\/188","targetHints":{"allow":["GET"]}}],"collection":[{"href":"https:\/\/divulga.unila.edu.br\/umapas\/index.php?rest_route=\/wp\/v2\/posts"}],"about":[{"href":"https:\/\/divulga.unila.edu.br\/umapas\/index.php?rest_route=\/wp\/v2\/types\/post"}],"author":[{"embeddable":true,"href":"https:\/\/divulga.unila.edu.br\/umapas\/index.php?rest_route=\/wp\/v2\/users\/2"}],"replies":[{"embeddable":true,"href":"https:\/\/divulga.unila.edu.br\/umapas\/index.php?rest_route=%2Fwp%2Fv2%2Fcomments&post=188"}],"version-history":[{"count":11,"href":"https:\/\/divulga.unila.edu.br\/umapas\/index.php?rest_route=\/wp\/v2\/posts\/188\/revisions"}],"predecessor-version":[{"id":3021,"href":"https:\/\/divulga.unila.edu.br\/umapas\/index.php?rest_route=\/wp\/v2\/posts\/188\/revisions\/3021"}],"wp:attachment":[{"href":"https:\/\/divulga.unila.edu.br\/umapas\/index.php?rest_route=%2Fwp%2Fv2%2Fmedia&parent=188"}],"wp:term":[{"taxonomy":"category","embeddable":true,"href":"https:\/\/divulga.unila.edu.br\/umapas\/index.php?rest_route=%2Fwp%2Fv2%2Fcategories&post=188"},{"taxonomy":"post_tag","embeddable":true,"href":"https:\/\/divulga.unila.edu.br\/umapas\/index.php?rest_route=%2Fwp%2Fv2%2Ftags&post=188"}],"curies":[{"name":"wp","href":"https:\/\/api.w.org\/{rel}","templated":true}]}}