{"id":1874,"date":"2018-11-10T13:14:45","date_gmt":"2018-11-10T13:14:45","guid":{"rendered":"https:\/\/unila.edu.br\/umapas\/?p=1874"},"modified":"2019-10-08T16:29:10","modified_gmt":"2019-10-08T16:29:10","slug":"universidade-federal-da-integracao-latino-americana-unila-foz-do-iguacu","status":"publish","type":"post","link":"https:\/\/divulga.unila.edu.br\/umapas\/?p=1874","title":{"rendered":"Universidade Federal da Integra\u00e7\u00e3o Latino-americana &#8211; UNILA &#8211; Foz do Igua\u00e7u"},"content":{"rendered":"<div class=\"eight columns\">\n<p><strong>Nome da IES:\u00a0<\/strong>Universidade Federal da Integra\u00e7\u00e3o Latino-americana &#8211; UNILA &#8211; Foz do Igua\u00e7u<\/p>\n<p><strong>Perfil: <\/strong>Sede<\/p>\n<p><strong>Cidade:<\/strong> Foz do Igua\u00e7u &#8211; PR<\/p>\n<p><strong>Dist\u00e2ncia aproximada da fronteira:<\/strong> 4 km<\/p>\n<p><strong>Contato<\/strong>:<\/p>\n<p>pr.proint@unila.edu.br<br \/>\nSecret\u00e1ria Executiva<br \/>\nCristiane Tatiane Anzanello | +55 45 3529-2175<\/p>\n<p>https:\/\/www.unila.edu.br\/<\/p>\n<\/div>\n","protected":false},"excerpt":{"rendered":"<p>Nome da IES:\u00a0Universidade Federal da Integra\u00e7\u00e3o Latino-americana &#8211; UNILA &#8211; Foz do Igua\u00e7u Perfil: Sede Cidade: Foz do Igua\u00e7u &#8211; PR Dist\u00e2ncia aproximada da fronteira: 4 km Contato: pr.proint@unila.edu.br Secret\u00e1ria Executiva Cristiane Tatiane Anzanello | +55 45 3529-2175 https:\/\/www.unila.edu.br\/<\/p>\n","protected":false},"author":16,"featured_media":0,"comment_status":"closed","ping_status":"open","sticky":false,"template":"","format":"standard","meta":{"footnotes":""},"categories":[98,89,80,86,96,79],"tags":[75],"class_list":["post-1874","post","type-post","status-publish","format-standard","hentry","category-ate-50km","category-cidade-gemea","category-federal","category-sede","category-universidade","category-universidades-de-fronteira","tag-cidade-gemea"],"_links":{"self":[{"href":"https:\/\/divulga.unila.edu.br\/umapas\/index.php?rest_route=\/wp\/v2\/posts\/1874","targetHints":{"allow":["GET"]}}],"collection":[{"href":"https:\/\/divulga.unila.edu.br\/umapas\/index.php?rest_route=\/wp\/v2\/posts"}],"about":[{"href":"https:\/\/divulga.unila.edu.br\/umapas\/index.php?rest_route=\/wp\/v2\/types\/post"}],"author":[{"embeddable":true,"href":"https:\/\/divulga.unila.edu.br\/umapas\/index.php?rest_route=\/wp\/v2\/users\/16"}],"replies":[{"embeddable":true,"href":"https:\/\/divulga.unila.edu.br\/umapas\/index.php?rest_route=%2Fwp%2Fv2%2Fcomments&post=1874"}],"version-history":[{"count":2,"href":"https:\/\/divulga.unila.edu.br\/umapas\/index.php?rest_route=\/wp\/v2\/posts\/1874\/revisions"}],"predecessor-version":[{"id":3151,"href":"https:\/\/divulga.unila.edu.br\/umapas\/index.php?rest_route=\/wp\/v2\/posts\/1874\/revisions\/3151"}],"wp:attachment":[{"href":"https:\/\/divulga.unila.edu.br\/umapas\/index.php?rest_route=%2Fwp%2Fv2%2Fmedia&parent=1874"}],"wp:term":[{"taxonomy":"category","embeddable":true,"href":"https:\/\/divulga.unila.edu.br\/umapas\/index.php?rest_route=%2Fwp%2Fv2%2Fcategories&post=1874"},{"taxonomy":"post_tag","embeddable":true,"href":"https:\/\/divulga.unila.edu.br\/umapas\/index.php?rest_route=%2Fwp%2Fv2%2Ftags&post=1874"}],"curies":[{"name":"wp","href":"https:\/\/api.w.org\/{rel}","templated":true}]}}