{"id":1839,"date":"2018-11-10T12:21:09","date_gmt":"2018-11-10T12:21:09","guid":{"rendered":"https:\/\/unila.edu.br\/umapas\/?p=1839"},"modified":"2019-10-08T16:41:08","modified_gmt":"2019-10-08T16:41:08","slug":"instituto-federal-educacao-ciencia-e-tecnologia-de-mato-grosso-do-sul-ifms-corumba","status":"publish","type":"post","link":"https:\/\/divulga.unila.edu.br\/umapas\/?p=1839","title":{"rendered":"Instituto Federal Educa\u00e7\u00e3o, Ci\u00eancia, e Tecnologia de Mato Grosso do Sul &#8211; IFMS &#8211; Corumb\u00e1"},"content":{"rendered":"<div class=\"eight columns\">\n<p><strong>Nome da IES:<\/strong> Instituto Federal Educa\u00e7\u00e3o, Ci\u00eancia, e Tecnologia de Mato Grosso do Sul &#8211; IFMS &#8211; Corumb\u00e1<\/p>\n<p><strong>Perfil:\u00a0<\/strong>Campus<\/p>\n<p><strong>Cidade:<\/strong> Corumb\u00e1 &#8211; MS<\/p>\n<p><strong>Dist\u00e2ncia aproximada da fronteira:<\/strong> 6 km<\/p>\n<p><strong>Contato<\/strong>:<\/p>\n<p>Reitor Luiz Sim\u00e3o Staszczak Tel.: (67) 3378-9500 E-mail: reitoria@ifms.edu.br<br \/>\nDiretor-Geral Sandro Moura Santos sandro.santos@ifms.edu.br<\/p>\n<p>http:\/\/www.ifms.edu.br\/campi\/campus-corumba<\/p>\n<\/div>\n","protected":false},"excerpt":{"rendered":"<p>Nome da IES: Instituto Federal Educa\u00e7\u00e3o, Ci\u00eancia, e Tecnologia de Mato Grosso do Sul &#8211; IFMS &#8211; Corumb\u00e1 Perfil:\u00a0Campus Cidade: Corumb\u00e1 &#8211; MS Dist\u00e2ncia aproximada da fronteira: 6 km Contato: Reitor Luiz Sim\u00e3o Staszczak Tel.: (67) 3378-9500 E-mail: reitoria@ifms.edu.br Diretor-Geral Sandro Moura Santos sandro.santos@ifms.edu.br http:\/\/www.ifms.edu.br\/campi\/campus-corumba<\/p>\n","protected":false},"author":16,"featured_media":0,"comment_status":"closed","ping_status":"open","sticky":false,"template":"","format":"standard","meta":{"footnotes":""},"categories":[98,87,89,80,94,79],"tags":[75],"class_list":["post-1839","post","type-post","status-publish","format-standard","hentry","category-ate-50km","category-campi","category-cidade-gemea","category-federal","category-instituto","category-universidades-de-fronteira","tag-cidade-gemea"],"_links":{"self":[{"href":"https:\/\/divulga.unila.edu.br\/umapas\/index.php?rest_route=\/wp\/v2\/posts\/1839","targetHints":{"allow":["GET"]}}],"collection":[{"href":"https:\/\/divulga.unila.edu.br\/umapas\/index.php?rest_route=\/wp\/v2\/posts"}],"about":[{"href":"https:\/\/divulga.unila.edu.br\/umapas\/index.php?rest_route=\/wp\/v2\/types\/post"}],"author":[{"embeddable":true,"href":"https:\/\/divulga.unila.edu.br\/umapas\/index.php?rest_route=\/wp\/v2\/users\/16"}],"replies":[{"embeddable":true,"href":"https:\/\/divulga.unila.edu.br\/umapas\/index.php?rest_route=%2Fwp%2Fv2%2Fcomments&post=1839"}],"version-history":[{"count":2,"href":"https:\/\/divulga.unila.edu.br\/umapas\/index.php?rest_route=\/wp\/v2\/posts\/1839\/revisions"}],"predecessor-version":[{"id":3165,"href":"https:\/\/divulga.unila.edu.br\/umapas\/index.php?rest_route=\/wp\/v2\/posts\/1839\/revisions\/3165"}],"wp:attachment":[{"href":"https:\/\/divulga.unila.edu.br\/umapas\/index.php?rest_route=%2Fwp%2Fv2%2Fmedia&parent=1839"}],"wp:term":[{"taxonomy":"category","embeddable":true,"href":"https:\/\/divulga.unila.edu.br\/umapas\/index.php?rest_route=%2Fwp%2Fv2%2Fcategories&post=1839"},{"taxonomy":"post_tag","embeddable":true,"href":"https:\/\/divulga.unila.edu.br\/umapas\/index.php?rest_route=%2Fwp%2Fv2%2Ftags&post=1839"}],"curies":[{"name":"wp","href":"https:\/\/api.w.org\/{rel}","templated":true}]}}