{"id":1818,"date":"2018-11-10T11:38:07","date_gmt":"2018-11-10T11:38:07","guid":{"rendered":"https:\/\/unila.edu.br\/umapas\/?p=1818"},"modified":"2019-10-08T16:42:34","modified_gmt":"2019-10-08T16:42:34","slug":"universidade-estadual-do-mato-grosso-do-sul","status":"publish","type":"post","link":"https:\/\/divulga.unila.edu.br\/umapas\/?p=1818","title":{"rendered":"Universidade Estadual do Mato Grosso do Sul &#8211; UEMS &#8211; Dourados"},"content":{"rendered":"<div class=\"eight columns\">\n<p><strong>Nome da IES:<\/strong>\u00a0Universidade Estadual de Mato Grosso do Sul \u2013 UEMS \u2013 Dourados<\/p>\n<p><strong>Perfil: <\/strong>Sede<\/p>\n<p><strong>Cidade:<\/strong> Dourados \u2013\u00a0MS<\/p>\n<p><strong>Dist\u00e2ncia aproximada da fronteira:<\/strong> 97 km<\/p>\n<p><strong>Contato<\/strong>:<br \/>\nAssessoria de Rela\u00e7\u00f5es Internacionais e Mobilidade \u2013 ARELIM | Arelim Dourados \u2013 Respons\u00e1vel: Silvana Lucato Moretti | Apoio: Higor de Siqueira Marques | Contato: 3902-2376<br \/>\nArelim Campo Grande \u2013 Respons\u00e1vel: Ruberval Maciel | Contato: 67 3901-2235<\/p>\n<p>http:\/\/www.uems.br\/<\/p>\n<\/div>\n","protected":false},"excerpt":{"rendered":"<p>Nome da IES:\u00a0Universidade Estadual de Mato Grosso do Sul \u2013 UEMS \u2013 Dourados Perfil: Sede Cidade: Dourados \u2013\u00a0MS Dist\u00e2ncia aproximada da fronteira: 97 km Contato: Assessoria de Rela\u00e7\u00f5es Internacionais e Mobilidade \u2013 ARELIM | Arelim Dourados \u2013 Respons\u00e1vel: Silvana Lucato Moretti | Apoio: Higor de Siqueira Marques | Contato: 3902-2376 Arelim Campo Grande \u2013 Respons\u00e1vel: [&hellip;]<\/p>\n","protected":false},"author":16,"featured_media":0,"comment_status":"closed","ping_status":"open","sticky":false,"template":"","format":"standard","meta":{"footnotes":""},"categories":[100,83,86,96,79],"tags":[106],"class_list":["post-1818","post","type-post","status-publish","format-standard","hentry","category-51km-100km","category-estadual","category-sede","category-universidade","category-universidades-de-fronteira","tag-de-51km-a-100-km-universidades-de-fronteira"],"_links":{"self":[{"href":"https:\/\/divulga.unila.edu.br\/umapas\/index.php?rest_route=\/wp\/v2\/posts\/1818","targetHints":{"allow":["GET"]}}],"collection":[{"href":"https:\/\/divulga.unila.edu.br\/umapas\/index.php?rest_route=\/wp\/v2\/posts"}],"about":[{"href":"https:\/\/divulga.unila.edu.br\/umapas\/index.php?rest_route=\/wp\/v2\/types\/post"}],"author":[{"embeddable":true,"href":"https:\/\/divulga.unila.edu.br\/umapas\/index.php?rest_route=\/wp\/v2\/users\/16"}],"replies":[{"embeddable":true,"href":"https:\/\/divulga.unila.edu.br\/umapas\/index.php?rest_route=%2Fwp%2Fv2%2Fcomments&post=1818"}],"version-history":[{"count":4,"href":"https:\/\/divulga.unila.edu.br\/umapas\/index.php?rest_route=\/wp\/v2\/posts\/1818\/revisions"}],"predecessor-version":[{"id":1825,"href":"https:\/\/divulga.unila.edu.br\/umapas\/index.php?rest_route=\/wp\/v2\/posts\/1818\/revisions\/1825"}],"wp:attachment":[{"href":"https:\/\/divulga.unila.edu.br\/umapas\/index.php?rest_route=%2Fwp%2Fv2%2Fmedia&parent=1818"}],"wp:term":[{"taxonomy":"category","embeddable":true,"href":"https:\/\/divulga.unila.edu.br\/umapas\/index.php?rest_route=%2Fwp%2Fv2%2Fcategories&post=1818"},{"taxonomy":"post_tag","embeddable":true,"href":"https:\/\/divulga.unila.edu.br\/umapas\/index.php?rest_route=%2Fwp%2Fv2%2Ftags&post=1818"}],"curies":[{"name":"wp","href":"https:\/\/api.w.org\/{rel}","templated":true}]}}