{"id":1730,"date":"2018-11-07T11:39:12","date_gmt":"2018-11-07T11:39:12","guid":{"rendered":"https:\/\/unila.edu.br\/umapas\/?p=1730"},"modified":"2019-10-08T16:48:21","modified_gmt":"2019-10-08T16:48:21","slug":"instituto-federal-de-educacao-ciencia-e-tecnologia-do-acre-ifac-tarauaca","status":"publish","type":"post","link":"https:\/\/divulga.unila.edu.br\/umapas\/?p=1730","title":{"rendered":"Instituto Federal de Educa\u00e7\u00e3o Ci\u00eancia e Tecnologia do Acre &#8211; IFAC -Tarauac\u00e1"},"content":{"rendered":"<p><strong>Nome da IES:<\/strong>\u00a0Instituto Federal de Educa\u00e7\u00e3o Ci\u00eancia e Tecnologia do Acre &#8211; IFAC -Tarauac\u00e1<\/p>\n<p><strong>Perfil:\u00a0<\/strong>Campus<\/p>\n<p><strong>Cidade:<\/strong> Tarauac\u00e1 &#8211; AC<\/p>\n<p><strong>Dist\u00e2ncia aproximada da fronteira:<\/strong>\u00a0146 km<\/p>\n<p><strong>Contato<\/strong>:\u00a0Gabinete da Reitoria &#8211; GABIN reitoria@ifac.edu.br<br \/>\n*Assessoria Executiva: (68) 2106-6855<br \/>\n*Luiz Eduardo Guedes Concei\u00e7\u00e3o \u2013 Diretor<br \/>\nTelefone: (68) 2106-6864&#8243; reitoria@ifac.edu.br<\/p>\n<p>https:\/\/portal.ifac.edu.br\/<\/p>\n","protected":false},"excerpt":{"rendered":"<p>Nome da IES:\u00a0Instituto Federal de Educa\u00e7\u00e3o Ci\u00eancia e Tecnologia do Acre &#8211; IFAC -Tarauac\u00e1 Perfil:\u00a0Campus Cidade: Tarauac\u00e1 &#8211; AC Dist\u00e2ncia aproximada da fronteira:\u00a0146 km Contato:\u00a0Gabinete da Reitoria &#8211; GABIN reitoria@ifac.edu.br *Assessoria Executiva: (68) 2106-6855 *Luiz Eduardo Guedes Concei\u00e7\u00e3o \u2013 Diretor Telefone: (68) 2106-6864&#8243; reitoria@ifac.edu.br https:\/\/portal.ifac.edu.br\/<\/p>\n","protected":false},"author":10,"featured_media":0,"comment_status":"closed","ping_status":"open","sticky":false,"template":"","format":"standard","meta":{"footnotes":""},"categories":[87,101,80,94,96,79],"tags":[],"class_list":["post-1730","post","type-post","status-publish","format-standard","hentry","category-campi","category-101km-150km","category-federal","category-instituto","category-universidade","category-universidades-de-fronteira"],"_links":{"self":[{"href":"https:\/\/divulga.unila.edu.br\/umapas\/index.php?rest_route=\/wp\/v2\/posts\/1730","targetHints":{"allow":["GET"]}}],"collection":[{"href":"https:\/\/divulga.unila.edu.br\/umapas\/index.php?rest_route=\/wp\/v2\/posts"}],"about":[{"href":"https:\/\/divulga.unila.edu.br\/umapas\/index.php?rest_route=\/wp\/v2\/types\/post"}],"author":[{"embeddable":true,"href":"https:\/\/divulga.unila.edu.br\/umapas\/index.php?rest_route=\/wp\/v2\/users\/10"}],"replies":[{"embeddable":true,"href":"https:\/\/divulga.unila.edu.br\/umapas\/index.php?rest_route=%2Fwp%2Fv2%2Fcomments&post=1730"}],"version-history":[{"count":1,"href":"https:\/\/divulga.unila.edu.br\/umapas\/index.php?rest_route=\/wp\/v2\/posts\/1730\/revisions"}],"predecessor-version":[{"id":1733,"href":"https:\/\/divulga.unila.edu.br\/umapas\/index.php?rest_route=\/wp\/v2\/posts\/1730\/revisions\/1733"}],"wp:attachment":[{"href":"https:\/\/divulga.unila.edu.br\/umapas\/index.php?rest_route=%2Fwp%2Fv2%2Fmedia&parent=1730"}],"wp:term":[{"taxonomy":"category","embeddable":true,"href":"https:\/\/divulga.unila.edu.br\/umapas\/index.php?rest_route=%2Fwp%2Fv2%2Fcategories&post=1730"},{"taxonomy":"post_tag","embeddable":true,"href":"https:\/\/divulga.unila.edu.br\/umapas\/index.php?rest_route=%2Fwp%2Fv2%2Ftags&post=1730"}],"curies":[{"name":"wp","href":"https:\/\/api.w.org\/{rel}","templated":true}]}}