{"id":17233,"date":"2026-04-22T11:15:37","date_gmt":"2026-04-22T14:15:37","guid":{"rendered":"https:\/\/divulga.unila.edu.br\/umapas\/?p=17233"},"modified":"2026-04-22T11:15:38","modified_gmt":"2026-04-22T14:15:38","slug":"oficina-de-canto","status":"publish","type":"post","link":"https:\/\/divulga.unila.edu.br\/umapas\/?p=17233","title":{"rendered":"Oficina de Canto"},"content":{"rendered":"\n<p><strong>Realizador(a):<\/strong> UNILA de todos os cantos<\/p>\n<p><strong>In\u00edcio:<\/strong> 30\/03\/2026 | <strong>T\u00e9rmino:<\/strong> 30\/03\/2026<\/p>\n<p><strong>Atividades desenvolvidas:<\/strong> A\u00e7\u00e3o estrat\u00e9gica da PROEX coordenada pela professora da UNILA Anal\u00eda Chernavsky, que tem o objetivo de impulsionar a participa\u00e7\u00e3o estudantil em a\u00e7\u00f5es pedag\u00f3gicas e art\u00edsticas a respeito do cantar em suas diferentes formas, a partir de atividades que ajudem a experienciar as habilidades musicais atrav\u00e9s do canto e o compartilhamento de experi\u00eancias das diversas tradi\u00e7\u00f5es musicais que convivem na regi\u00e3o da tr\u00edplice fronteira, como mecanismos de contato entre a comunidade interna e externa da UNILA.<\/p>\n<p><strong>Local de realiza\u00e7\u00e3o:<\/strong> Col\u00e9gio Estadual Professor Mariano Camilo Paganoto, Rua Gaspar, 447, Jardim Petr\u00f3polis, Foz do Igua\u00e7u, Paran\u00e1 &#8211; Brasil.<\/p>\n<p><strong>Para mais informa\u00e7\u00f5es, acesse:<\/strong> <a href=\"https:\/\/www.instagram.com\/p\/DWZtY8UDwfx\/\" target=\"_blank\" rel=\"noopener\">https:\/\/www.instagram.com\/p\/DWZtY8UDwfx\/<\/a><\/p>\n","protected":false},"excerpt":{"rendered":"<p>Realizador(a): UNILA de todos os cantos In\u00edcio: 30\/03\/2026 | T\u00e9rmino: 30\/03\/2026 Atividades desenvolvidas: A\u00e7\u00e3o estrat\u00e9gica da PROEX coordenada pela professora da UNILA Anal\u00eda Chernavsky, que tem o objetivo de impulsionar a participa\u00e7\u00e3o estudantil em a\u00e7\u00f5es pedag\u00f3gicas e art\u00edsticas a respeito do cantar em suas diferentes formas, a partir de atividades que ajudem a experienciar as [&hellip;]<\/p>\n","protected":false},"author":2,"featured_media":0,"comment_status":"closed","ping_status":"open","sticky":false,"template":"","format":"standard","meta":{"footnotes":""},"categories":[260,266],"tags":[],"class_list":["post-17233","post","type-post","status-publish","format-standard","hentry","category-acao-cultural","category-oficina"],"_links":{"self":[{"href":"https:\/\/divulga.unila.edu.br\/umapas\/index.php?rest_route=\/wp\/v2\/posts\/17233","targetHints":{"allow":["GET"]}}],"collection":[{"href":"https:\/\/divulga.unila.edu.br\/umapas\/index.php?rest_route=\/wp\/v2\/posts"}],"about":[{"href":"https:\/\/divulga.unila.edu.br\/umapas\/index.php?rest_route=\/wp\/v2\/types\/post"}],"author":[{"embeddable":true,"href":"https:\/\/divulga.unila.edu.br\/umapas\/index.php?rest_route=\/wp\/v2\/users\/2"}],"replies":[{"embeddable":true,"href":"https:\/\/divulga.unila.edu.br\/umapas\/index.php?rest_route=%2Fwp%2Fv2%2Fcomments&post=17233"}],"version-history":[{"count":1,"href":"https:\/\/divulga.unila.edu.br\/umapas\/index.php?rest_route=\/wp\/v2\/posts\/17233\/revisions"}],"predecessor-version":[{"id":17244,"href":"https:\/\/divulga.unila.edu.br\/umapas\/index.php?rest_route=\/wp\/v2\/posts\/17233\/revisions\/17244"}],"wp:attachment":[{"href":"https:\/\/divulga.unila.edu.br\/umapas\/index.php?rest_route=%2Fwp%2Fv2%2Fmedia&parent=17233"}],"wp:term":[{"taxonomy":"category","embeddable":true,"href":"https:\/\/divulga.unila.edu.br\/umapas\/index.php?rest_route=%2Fwp%2Fv2%2Fcategories&post=17233"},{"taxonomy":"post_tag","embeddable":true,"href":"https:\/\/divulga.unila.edu.br\/umapas\/index.php?rest_route=%2Fwp%2Fv2%2Ftags&post=17233"}],"curies":[{"name":"wp","href":"https:\/\/api.w.org\/{rel}","templated":true}]}}