{"id":17228,"date":"2026-04-22T11:02:35","date_gmt":"2026-04-22T14:02:35","guid":{"rendered":"https:\/\/divulga.unila.edu.br\/umapas\/?p=17228"},"modified":"2026-04-22T11:02:36","modified_gmt":"2026-04-22T14:02:36","slug":"oficina-de-musicalizacao-infantil","status":"publish","type":"post","link":"https:\/\/divulga.unila.edu.br\/umapas\/?p=17228","title":{"rendered":"Oficina de Musicaliza\u00e7\u00e3o Infantil"},"content":{"rendered":"\n<p><strong>Realizador(a):<\/strong> UNILA de todos os cantos<\/p>\n<p><strong>In\u00edcio:<\/strong> 26\/03\/2026 | <strong>T\u00e9rmino:<\/strong> 26\/03\/2026<\/p>\n<p><strong>Atividades desenvolvidas:<\/strong> A\u00e7\u00e3o estrat\u00e9gica da PROEX coordenada pela professora da UNILA Anal\u00eda Chernavsky, que tem o objetivo de impulsionar a participa\u00e7\u00e3o estudantil em a\u00e7\u00f5es pedag\u00f3gicas e art\u00edsticas a respeito do cantar em suas diferentes formas, a partir de atividades que ajudem a experienciar as habilidades musicais atrav\u00e9s do canto e o compartilhamento de experi\u00eancias das diversas tradi\u00e7\u00f5es musicais que convivem na regi\u00e3o da tr\u00edplice fronteira, como mecanismos de contato entre a comunidade interna e externa da UNILA.<\/p>\n<p><strong>Local de realiza\u00e7\u00e3o:<\/strong> CMEI Cl\u00e1udio da Silva Louren\u00e7o, Rua Pedro Francisco Keru, 50, Tr\u00eas Lagoas, Foz do Igua\u00e7u, Paran\u00e1 &#8211; Brasil.<\/p>\n<p><strong>Para mais informa\u00e7\u00f5es, acesse:<\/strong> <a href=\"https:\/\/www.instagram.com\/p\/DWUtMbjD94F\/?utm_source=ig_web_copy_link&#038;igsh=MzRlODBiNWFlZA==\" target=\"_blank\" rel=\"noopener\">https:\/\/www.instagram.com\/p\/DWUtMbjD94F\/?utm_source=ig_web_copy_link&#038;igsh=MzRlODBiNWFlZA==<\/a><\/p>\n","protected":false},"excerpt":{"rendered":"<p>Realizador(a): UNILA de todos os cantos In\u00edcio: 26\/03\/2026 | T\u00e9rmino: 26\/03\/2026 Atividades desenvolvidas: A\u00e7\u00e3o estrat\u00e9gica da PROEX coordenada pela professora da UNILA Anal\u00eda Chernavsky, que tem o objetivo de impulsionar a participa\u00e7\u00e3o estudantil em a\u00e7\u00f5es pedag\u00f3gicas e art\u00edsticas a respeito do cantar em suas diferentes formas, a partir de atividades que ajudem a experienciar as [&hellip;]<\/p>\n","protected":false},"author":2,"featured_media":0,"comment_status":"closed","ping_status":"open","sticky":false,"template":"","format":"standard","meta":{"footnotes":""},"categories":[260,266],"tags":[],"class_list":["post-17228","post","type-post","status-publish","format-standard","hentry","category-acao-cultural","category-oficina"],"_links":{"self":[{"href":"https:\/\/divulga.unila.edu.br\/umapas\/index.php?rest_route=\/wp\/v2\/posts\/17228","targetHints":{"allow":["GET"]}}],"collection":[{"href":"https:\/\/divulga.unila.edu.br\/umapas\/index.php?rest_route=\/wp\/v2\/posts"}],"about":[{"href":"https:\/\/divulga.unila.edu.br\/umapas\/index.php?rest_route=\/wp\/v2\/types\/post"}],"author":[{"embeddable":true,"href":"https:\/\/divulga.unila.edu.br\/umapas\/index.php?rest_route=\/wp\/v2\/users\/2"}],"replies":[{"embeddable":true,"href":"https:\/\/divulga.unila.edu.br\/umapas\/index.php?rest_route=%2Fwp%2Fv2%2Fcomments&post=17228"}],"version-history":[{"count":1,"href":"https:\/\/divulga.unila.edu.br\/umapas\/index.php?rest_route=\/wp\/v2\/posts\/17228\/revisions"}],"predecessor-version":[{"id":17238,"href":"https:\/\/divulga.unila.edu.br\/umapas\/index.php?rest_route=\/wp\/v2\/posts\/17228\/revisions\/17238"}],"wp:attachment":[{"href":"https:\/\/divulga.unila.edu.br\/umapas\/index.php?rest_route=%2Fwp%2Fv2%2Fmedia&parent=17228"}],"wp:term":[{"taxonomy":"category","embeddable":true,"href":"https:\/\/divulga.unila.edu.br\/umapas\/index.php?rest_route=%2Fwp%2Fv2%2Fcategories&post=17228"},{"taxonomy":"post_tag","embeddable":true,"href":"https:\/\/divulga.unila.edu.br\/umapas\/index.php?rest_route=%2Fwp%2Fv2%2Ftags&post=17228"}],"curies":[{"name":"wp","href":"https:\/\/api.w.org\/{rel}","templated":true}]}}