{"id":17226,"date":"2026-04-22T10:56:14","date_gmt":"2026-04-22T13:56:14","guid":{"rendered":"https:\/\/divulga.unila.edu.br\/umapas\/?p=17226"},"modified":"2026-04-22T10:56:15","modified_gmt":"2026-04-22T13:56:15","slug":"cores-da-resistencia-grafites-nos-muros-da-palestina","status":"publish","type":"post","link":"https:\/\/divulga.unila.edu.br\/umapas\/?p=17226","title":{"rendered":"Cores da Resist\u00eancia \u2013 Grafites nos Muros da Palestina"},"content":{"rendered":"\n<p><strong>Realizador(a):<\/strong> UNILA &#8211; Pr\u00f3-Reitoria de Extens\u00e3o e UEM &#8211; Universidade Estadual de Maring\u00e1<\/p>\n<p><strong>In\u00edcio:<\/strong> 23\/03\/2026 | <strong>T\u00e9rmino:<\/strong> 10\/04\/2026<\/p>\n<p><strong>Atividades desenvolvidas:<\/strong> A exposi\u00e7\u00e3o apresenta o olhar humanista do fot\u00f3grafo Christian Rizzi sobre a resili\u00eancia do povo palestino, captada em uma expedi\u00e7\u00e3o de 2019, que transformou o concreto do &#8220;Muro do Apartheid&#8221; num documento visual de luta e esperan\u00e7a. Por meio de 20 fotografias in\u00e9ditas de grafites que mesclam den\u00fancia pol\u00edtica e s\u00edmbolos culturais, a mostra \u2014 fruto de uma parceria estrat\u00e9gica entre a UEM e a UNILA, com o apoio da FEPAL \u2014 reafirma o papel das universidades p\u00fablicas como territ\u00f3rios de reflex\u00e3o cr\u00edtica e promotoras de uma Cultura da Paz, estabelecendo um di\u00e1logo sens\u00edvel sobre identidade, mem\u00f3ria e o direito inalien\u00e1vel \u00e0 liberdade.<\/p>\n<p><strong>Local de realiza\u00e7\u00e3o:<\/strong> UEM &#8211; Universidade Estadual de Maring\u00e1, P\u00e1tio A do Campus Regional de Umuarama, Avenida \u00c2ngelo Moreira da Fonseca, 1800, Parque Danielle, Umuarama, Paran\u00e1 &#8211; Brasil.<\/p>\n<p><strong>Para mais informa\u00e7\u00f5es, acesse:<\/strong> <a href=\"https:\/\/www.instagram.com\/p\/DV_64QFFDpu\/?utm_source=ig_web_copy_link&#038;igsh=MzRlODBiNWFlZA==\" target=\"_blank\" rel=\"noopener\">https:\/\/www.instagram.com\/p\/DV_64QFFDpu\/?utm_source=ig_web_copy_link&#038;igsh=MzRlODBiNWFlZA==<\/a><\/p>\n","protected":false},"excerpt":{"rendered":"<p>Realizador(a): UNILA &#8211; Pr\u00f3-Reitoria de Extens\u00e3o e UEM &#8211; Universidade Estadual de Maring\u00e1 In\u00edcio: 23\/03\/2026 | T\u00e9rmino: 10\/04\/2026 Atividades desenvolvidas: A exposi\u00e7\u00e3o apresenta o olhar humanista do fot\u00f3grafo Christian Rizzi sobre a resili\u00eancia do povo palestino, captada em uma expedi\u00e7\u00e3o de 2019, que transformou o concreto do &#8220;Muro do Apartheid&#8221; num documento visual de luta [&hellip;]<\/p>\n","protected":false},"author":2,"featured_media":0,"comment_status":"closed","ping_status":"open","sticky":false,"template":"","format":"standard","meta":{"footnotes":""},"categories":[260,272],"tags":[],"class_list":["post-17226","post","type-post","status-publish","format-standard","hentry","category-acao-cultural","category-exposicao"],"_links":{"self":[{"href":"https:\/\/divulga.unila.edu.br\/umapas\/index.php?rest_route=\/wp\/v2\/posts\/17226","targetHints":{"allow":["GET"]}}],"collection":[{"href":"https:\/\/divulga.unila.edu.br\/umapas\/index.php?rest_route=\/wp\/v2\/posts"}],"about":[{"href":"https:\/\/divulga.unila.edu.br\/umapas\/index.php?rest_route=\/wp\/v2\/types\/post"}],"author":[{"embeddable":true,"href":"https:\/\/divulga.unila.edu.br\/umapas\/index.php?rest_route=\/wp\/v2\/users\/2"}],"replies":[{"embeddable":true,"href":"https:\/\/divulga.unila.edu.br\/umapas\/index.php?rest_route=%2Fwp%2Fv2%2Fcomments&post=17226"}],"version-history":[{"count":1,"href":"https:\/\/divulga.unila.edu.br\/umapas\/index.php?rest_route=\/wp\/v2\/posts\/17226\/revisions"}],"predecessor-version":[{"id":17236,"href":"https:\/\/divulga.unila.edu.br\/umapas\/index.php?rest_route=\/wp\/v2\/posts\/17226\/revisions\/17236"}],"wp:attachment":[{"href":"https:\/\/divulga.unila.edu.br\/umapas\/index.php?rest_route=%2Fwp%2Fv2%2Fmedia&parent=17226"}],"wp:term":[{"taxonomy":"category","embeddable":true,"href":"https:\/\/divulga.unila.edu.br\/umapas\/index.php?rest_route=%2Fwp%2Fv2%2Fcategories&post=17226"},{"taxonomy":"post_tag","embeddable":true,"href":"https:\/\/divulga.unila.edu.br\/umapas\/index.php?rest_route=%2Fwp%2Fv2%2Ftags&post=17226"}],"curies":[{"name":"wp","href":"https:\/\/api.w.org\/{rel}","templated":true}]}}