{"id":17212,"date":"2026-04-22T10:45:40","date_gmt":"2026-04-22T13:45:40","guid":{"rendered":"https:\/\/divulga.unila.edu.br\/umapas\/?p=17212"},"modified":"2026-04-22T10:45:41","modified_gmt":"2026-04-22T13:45:41","slug":"oficina-de-atuacao-mascaras-expressivas-2","status":"publish","type":"post","link":"https:\/\/divulga.unila.edu.br\/umapas\/?p=17212","title":{"rendered":"Oficina de atua\u00e7\u00e3o M\u00e1scaras Expressivas"},"content":{"rendered":"\n<p><strong>Realizador(a):<\/strong> Cote&#8217;Coi &#8211; Coletivo Teatral e Grupo de Teatro Universit\u00e1rio da UNILA<\/p>\n<p><strong>In\u00edcio:<\/strong> 25\/03\/2026 | <strong>T\u00e9rmino:<\/strong> 25\/03\/2026<\/p>\n<p><strong>Atividades desenvolvidas:<\/strong> A oficina de atua\u00e7\u00e3o com M\u00e1scaras Expressivas foca na expressividade do corpo como linguagem c\u00eanica fundamental para a constru\u00e7\u00e3o teatral, tanto no que diz respeito \u00e0 comunica\u00e7\u00e3o com o p\u00fablico, como tamb\u00e9m na cria\u00e7\u00e3o da dramaturgia da cena.<\/p>\n<p><strong>Local de realiza\u00e7\u00e3o:<\/strong> UNILA &#8211; Campus Jardim Universit\u00e1rio, Avenida Tarqu\u00ednio Joslin dos Santos, 1000, Loteamento Universit\u00e1rio das Am\u00e9ricas, Foz do Igua\u00e7u, Paran\u00e1 &#8211; Brasil.<\/p>\n<p><strong>Para mais informa\u00e7\u00f5es, acesse:<\/strong> <a href=\"https:\/\/www.instagram.com\/p\/DWABCG_jyYz\/?utm_source=ig_web_copy_link&#038;igsh=MzRlODBiNWFlZA==\" target=\"_blank\" rel=\"noopener\">https:\/\/www.instagram.com\/p\/DWABCG_jyYz\/?utm_source=ig_web_copy_link&#038;igsh=MzRlODBiNWFlZA==<\/a><\/p>\n","protected":false},"excerpt":{"rendered":"<p>Realizador(a): Cote&#8217;Coi &#8211; Coletivo Teatral e Grupo de Teatro Universit\u00e1rio da UNILA In\u00edcio: 25\/03\/2026 | T\u00e9rmino: 25\/03\/2026 Atividades desenvolvidas: A oficina de atua\u00e7\u00e3o com M\u00e1scaras Expressivas foca na expressividade do corpo como linguagem c\u00eanica fundamental para a constru\u00e7\u00e3o teatral, tanto no que diz respeito \u00e0 comunica\u00e7\u00e3o com o p\u00fablico, como tamb\u00e9m na cria\u00e7\u00e3o da dramaturgia [&hellip;]<\/p>\n","protected":false},"author":2,"featured_media":0,"comment_status":"closed","ping_status":"open","sticky":false,"template":"","format":"standard","meta":{"footnotes":""},"categories":[260,266],"tags":[],"class_list":["post-17212","post","type-post","status-publish","format-standard","hentry","category-acao-cultural","category-oficina"],"_links":{"self":[{"href":"https:\/\/divulga.unila.edu.br\/umapas\/index.php?rest_route=\/wp\/v2\/posts\/17212","targetHints":{"allow":["GET"]}}],"collection":[{"href":"https:\/\/divulga.unila.edu.br\/umapas\/index.php?rest_route=\/wp\/v2\/posts"}],"about":[{"href":"https:\/\/divulga.unila.edu.br\/umapas\/index.php?rest_route=\/wp\/v2\/types\/post"}],"author":[{"embeddable":true,"href":"https:\/\/divulga.unila.edu.br\/umapas\/index.php?rest_route=\/wp\/v2\/users\/2"}],"replies":[{"embeddable":true,"href":"https:\/\/divulga.unila.edu.br\/umapas\/index.php?rest_route=%2Fwp%2Fv2%2Fcomments&post=17212"}],"version-history":[{"count":1,"href":"https:\/\/divulga.unila.edu.br\/umapas\/index.php?rest_route=\/wp\/v2\/posts\/17212\/revisions"}],"predecessor-version":[{"id":17220,"href":"https:\/\/divulga.unila.edu.br\/umapas\/index.php?rest_route=\/wp\/v2\/posts\/17212\/revisions\/17220"}],"wp:attachment":[{"href":"https:\/\/divulga.unila.edu.br\/umapas\/index.php?rest_route=%2Fwp%2Fv2%2Fmedia&parent=17212"}],"wp:term":[{"taxonomy":"category","embeddable":true,"href":"https:\/\/divulga.unila.edu.br\/umapas\/index.php?rest_route=%2Fwp%2Fv2%2Fcategories&post=17212"},{"taxonomy":"post_tag","embeddable":true,"href":"https:\/\/divulga.unila.edu.br\/umapas\/index.php?rest_route=%2Fwp%2Fv2%2Ftags&post=17212"}],"curies":[{"name":"wp","href":"https:\/\/api.w.org\/{rel}","templated":true}]}}