{"id":17179,"date":"2026-04-22T09:47:26","date_gmt":"2026-04-22T12:47:26","guid":{"rendered":"https:\/\/divulga.unila.edu.br\/umapas\/?p=17179"},"modified":"2026-04-22T10:07:19","modified_gmt":"2026-04-22T13:07:19","slug":"la-violencia-en-el-espacio-3","status":"publish","type":"post","link":"https:\/\/divulga.unila.edu.br\/umapas\/?p=17179","title":{"rendered":"La Violencia en el Espacio"},"content":{"rendered":"\n<p><strong>Realizador(a):<\/strong> UNILA &#8211; Pr\u00f3-Reitoria de Extens\u00e3o, La Violencia en el Espacio e UEM &#8211; Universidade Estadual de Maring\u00e1<\/p>\n<p><strong>In\u00edcio:<\/strong> 02\/03\/2026 | <strong>T\u00e9rmino:<\/strong> 02\/04\/2026<\/p>\n<p><strong>Atividades desenvolvidas:<\/strong> Os trabalhos coordenados por Carlos Salamanca e Pamela Colombo, debatem o per\u00edodo da ditadura militar argentina na d\u00e9cada de 1970, analisando a viol\u00eancia imposta a partir dos espa\u00e7os. Composta por cinco estruturas c\u00fabicas de madeira, que criam ambientes imersivos, a exposi\u00e7\u00e3o convida o(a) visitante a mergulhar em imagens e narrativas que analisam diferentes formas de exclus\u00e3o territorial na Am\u00e9rica Latina. Depois de passar pela Argentina e Paraguai, a exposi\u00e7\u00e3o chegou ao Brasil, integrando o FECULT, em 2025. Desde ent\u00e3o, a UNILA \u00e9 respons\u00e1vel pela circula\u00e7\u00e3o por institui\u00e7\u00f5es brasileiras.<\/p>\n<p><strong>Local de realiza\u00e7\u00e3o:<\/strong> UEM &#8211; Universidade Estadual de Maring\u00e1, Biblioteca Central Maria Grazia Zolet, Rua Universit\u00e1ria da UEM, sn, Campus Universit\u00e1rio, Maring\u00e1, Paran\u00e1 &#8211; Brasil.<\/p>\n<p><strong>Para mais informa\u00e7\u00f5es, acesse:<\/strong> <a href=\"https:\/\/www.instagram.com\/p\/DU-3rGCjoJE\/?utm_source=ig_web_copy_link&#038;igsh=MzRlODBiNWFlZA==\" target=\"_blank\" rel=\"noopener\">https:\/\/www.instagram.com\/p\/DU-3rGCjoJE\/?utm_source=ig_web_copy_link&#038;igsh=MzRlODBiNWFlZA==<\/a><\/p>\n\n\n\n<p><\/p>\n","protected":false},"excerpt":{"rendered":"<p>Realizador(a): UNILA &#8211; Pr\u00f3-Reitoria de Extens\u00e3o, La Violencia en el Espacio e UEM &#8211; Universidade Estadual de Maring\u00e1 In\u00edcio: 02\/03\/2026 | T\u00e9rmino: 02\/04\/2026 Atividades desenvolvidas: Os trabalhos coordenados por Carlos Salamanca e Pamela Colombo, debatem o per\u00edodo da ditadura militar argentina na d\u00e9cada de 1970, analisando a viol\u00eancia imposta a partir dos espa\u00e7os. Composta por [&hellip;]<\/p>\n","protected":false},"author":2,"featured_media":0,"comment_status":"closed","ping_status":"open","sticky":false,"template":"","format":"standard","meta":{"footnotes":""},"categories":[260,272],"tags":[],"class_list":["post-17179","post","type-post","status-publish","format-standard","hentry","category-acao-cultural","category-exposicao"],"_links":{"self":[{"href":"https:\/\/divulga.unila.edu.br\/umapas\/index.php?rest_route=\/wp\/v2\/posts\/17179","targetHints":{"allow":["GET"]}}],"collection":[{"href":"https:\/\/divulga.unila.edu.br\/umapas\/index.php?rest_route=\/wp\/v2\/posts"}],"about":[{"href":"https:\/\/divulga.unila.edu.br\/umapas\/index.php?rest_route=\/wp\/v2\/types\/post"}],"author":[{"embeddable":true,"href":"https:\/\/divulga.unila.edu.br\/umapas\/index.php?rest_route=\/wp\/v2\/users\/2"}],"replies":[{"embeddable":true,"href":"https:\/\/divulga.unila.edu.br\/umapas\/index.php?rest_route=%2Fwp%2Fv2%2Fcomments&post=17179"}],"version-history":[{"count":4,"href":"https:\/\/divulga.unila.edu.br\/umapas\/index.php?rest_route=\/wp\/v2\/posts\/17179\/revisions"}],"predecessor-version":[{"id":17191,"href":"https:\/\/divulga.unila.edu.br\/umapas\/index.php?rest_route=\/wp\/v2\/posts\/17179\/revisions\/17191"}],"wp:attachment":[{"href":"https:\/\/divulga.unila.edu.br\/umapas\/index.php?rest_route=%2Fwp%2Fv2%2Fmedia&parent=17179"}],"wp:term":[{"taxonomy":"category","embeddable":true,"href":"https:\/\/divulga.unila.edu.br\/umapas\/index.php?rest_route=%2Fwp%2Fv2%2Fcategories&post=17179"},{"taxonomy":"post_tag","embeddable":true,"href":"https:\/\/divulga.unila.edu.br\/umapas\/index.php?rest_route=%2Fwp%2Fv2%2Ftags&post=17179"}],"curies":[{"name":"wp","href":"https:\/\/api.w.org\/{rel}","templated":true}]}}