{"id":17167,"date":"2026-04-22T10:13:33","date_gmt":"2026-04-22T13:13:33","guid":{"rendered":"https:\/\/divulga.unila.edu.br\/umapas\/?p=17167"},"modified":"2026-04-22T10:13:34","modified_gmt":"2026-04-22T13:13:34","slug":"frida-kahlo-uma-mulher-a-frente-do-seu-tempo","status":"publish","type":"post","link":"https:\/\/divulga.unila.edu.br\/umapas\/?p=17167","title":{"rendered":"Frida Kahlo: Uma Mulher \u00e0 Frente do Seu Tempo"},"content":{"rendered":"\n<p><strong>Realizador(a):<\/strong> UNILA &#8211; Pr\u00f3-Reitoria de Extens\u00e3o e Produtora Vieirarte<\/p>\n<p><strong>In\u00edcio:<\/strong> 09\/03\/2026 | <strong>T\u00e9rmino:<\/strong> 30\/03\/2026<\/p>\n<p><strong>Atividades desenvolvidas:<\/strong> O projeto coletivo inclui 52 artistas e 58 obras realizadas a partir do legado visceral da pintora mexicana, para promover di\u00e1logos contempor\u00e2neos sobre feminismo, resist\u00eancia e identidade latino-americana.<\/p>\n<p><strong>Local de realiza\u00e7\u00e3o:<\/strong> UNILA &#8211; Campus Jardim Universit\u00e1rio, Avenida Tarqu\u00ednio Joslin dos Santos, 1000, Loteamento Universit\u00e1rio das Am\u00e9ricas, Foz do Igua\u00e7u, Paran\u00e1 &#8211; Brasil.<\/p>\n<p><strong>Para mais informa\u00e7\u00f5es, acesse:<\/strong> <a href=\"https:\/\/www.instagram.com\/reel\/DVTofbyDXjy\/?utm_source=ig_web_copy_link&#038;igsh=MzRlODBiNWFlZA==\" target=\"_blank\" rel=\"noopener\">https:\/\/www.instagram.com\/reel\/DVTofbyDXjy\/?utm_source=ig_web_copy_link&#038;igsh=MzRlODBiNWFlZA==<\/a><\/p>\n","protected":false},"excerpt":{"rendered":"<p>Realizador(a): UNILA &#8211; Pr\u00f3-Reitoria de Extens\u00e3o e Produtora Vieirarte In\u00edcio: 09\/03\/2026 | T\u00e9rmino: 30\/03\/2026 Atividades desenvolvidas: O projeto coletivo inclui 52 artistas e 58 obras realizadas a partir do legado visceral da pintora mexicana, para promover di\u00e1logos contempor\u00e2neos sobre feminismo, resist\u00eancia e identidade latino-americana. Local de realiza\u00e7\u00e3o: UNILA &#8211; Campus Jardim Universit\u00e1rio, Avenida Tarqu\u00ednio Joslin [&hellip;]<\/p>\n","protected":false},"author":2,"featured_media":0,"comment_status":"closed","ping_status":"open","sticky":false,"template":"","format":"standard","meta":{"footnotes":""},"categories":[260,272],"tags":[],"class_list":["post-17167","post","type-post","status-publish","format-standard","hentry","category-acao-cultural","category-exposicao"],"_links":{"self":[{"href":"https:\/\/divulga.unila.edu.br\/umapas\/index.php?rest_route=\/wp\/v2\/posts\/17167","targetHints":{"allow":["GET"]}}],"collection":[{"href":"https:\/\/divulga.unila.edu.br\/umapas\/index.php?rest_route=\/wp\/v2\/posts"}],"about":[{"href":"https:\/\/divulga.unila.edu.br\/umapas\/index.php?rest_route=\/wp\/v2\/types\/post"}],"author":[{"embeddable":true,"href":"https:\/\/divulga.unila.edu.br\/umapas\/index.php?rest_route=\/wp\/v2\/users\/2"}],"replies":[{"embeddable":true,"href":"https:\/\/divulga.unila.edu.br\/umapas\/index.php?rest_route=%2Fwp%2Fv2%2Fcomments&post=17167"}],"version-history":[{"count":1,"href":"https:\/\/divulga.unila.edu.br\/umapas\/index.php?rest_route=\/wp\/v2\/posts\/17167\/revisions"}],"predecessor-version":[{"id":17194,"href":"https:\/\/divulga.unila.edu.br\/umapas\/index.php?rest_route=\/wp\/v2\/posts\/17167\/revisions\/17194"}],"wp:attachment":[{"href":"https:\/\/divulga.unila.edu.br\/umapas\/index.php?rest_route=%2Fwp%2Fv2%2Fmedia&parent=17167"}],"wp:term":[{"taxonomy":"category","embeddable":true,"href":"https:\/\/divulga.unila.edu.br\/umapas\/index.php?rest_route=%2Fwp%2Fv2%2Fcategories&post=17167"},{"taxonomy":"post_tag","embeddable":true,"href":"https:\/\/divulga.unila.edu.br\/umapas\/index.php?rest_route=%2Fwp%2Fv2%2Ftags&post=17167"}],"curies":[{"name":"wp","href":"https:\/\/api.w.org\/{rel}","templated":true}]}}