{"id":17160,"date":"2026-04-08T15:12:12","date_gmt":"2026-04-08T18:12:12","guid":{"rendered":"https:\/\/divulga.unila.edu.br\/umapas\/?p=17160"},"modified":"2026-04-08T15:12:13","modified_gmt":"2026-04-08T18:12:13","slug":"quixote-espaco-cultural","status":"publish","type":"post","link":"https:\/\/divulga.unila.edu.br\/umapas\/?p=17160","title":{"rendered":"Quixote Espa\u00e7o Cultural"},"content":{"rendered":"\n<p>Fundado em 2006 como Grupo Gauche, o Quixote Espa\u00e7o Cultural consolidou sua sede f\u00edsica em Foz do Igua\u00e7u em 2021, fortalecendo a cena liter\u00e1ria local. Atrav\u00e9s de seu fanzine e parcerias internacionais, o espa\u00e7o promove uma integra\u00e7\u00e3o cultural plural, unindo escritores, artistas e estudantes de audiovisual. Sua programa\u00e7\u00e3o diversificada inclui lan\u00e7amentos de livros, clubes de cinema, oficinas liter\u00e1rias e pocket shows de m\u00fasicos autorais. Al\u00e9m disso, fomenta encontros geeks, exposi\u00e7\u00f5es fotogr\u00e1ficas e saraus que celebram a diversidade art\u00edstica da regi\u00e3o de fronteira.<\/p>\n\n\n\n<p><strong>Endere\u00e7o: <\/strong>Rua Rio de Janeiro, 877, Maracan\u00e3, Foz do Igua\u00e7u, Paran\u00e1, Brasil. <strong>CEP:<\/strong> 85852-050<\/p>\n\n\n\n<p><strong>Contato: <\/strong>+55 45 999646663 |\u00a0<a href=\"https:\/\/www.instagram.com\/quixoteespacocultural\">https:\/\/www.instagram.com\/quixoteespacocultural<\/a><\/p>\n\n\n\n<p><strong>Infraestrutura dispon\u00edvel: <\/strong>Disp\u00f5e de espa\u00e7o para exposi\u00e7\u00f5es, pocket shows, exibi\u00e7\u00e3o de filmes e oficinas.<\/p>\n\n\n\n<p><\/p>\n","protected":false},"excerpt":{"rendered":"<p>Fundado em 2006 como Grupo Gauche, o Quixote Espa\u00e7o Cultural consolidou sua sede f\u00edsica em Foz do Igua\u00e7u em 2021, fortalecendo a cena liter\u00e1ria local. Atrav\u00e9s de seu fanzine e parcerias internacionais, o espa\u00e7o promove uma integra\u00e7\u00e3o cultural plural, unindo escritores, artistas e estudantes de audiovisual. Sua programa\u00e7\u00e3o diversificada inclui lan\u00e7amentos de livros, clubes de [&hellip;]<\/p>\n","protected":false},"author":2,"featured_media":0,"comment_status":"closed","ping_status":"open","sticky":false,"template":"","format":"standard","meta":{"footnotes":""},"categories":[282],"tags":[],"class_list":["post-17160","post","type-post","status-publish","format-standard","hentry","category-agente-ou-espaco-cultural"],"_links":{"self":[{"href":"https:\/\/divulga.unila.edu.br\/umapas\/index.php?rest_route=\/wp\/v2\/posts\/17160","targetHints":{"allow":["GET"]}}],"collection":[{"href":"https:\/\/divulga.unila.edu.br\/umapas\/index.php?rest_route=\/wp\/v2\/posts"}],"about":[{"href":"https:\/\/divulga.unila.edu.br\/umapas\/index.php?rest_route=\/wp\/v2\/types\/post"}],"author":[{"embeddable":true,"href":"https:\/\/divulga.unila.edu.br\/umapas\/index.php?rest_route=\/wp\/v2\/users\/2"}],"replies":[{"embeddable":true,"href":"https:\/\/divulga.unila.edu.br\/umapas\/index.php?rest_route=%2Fwp%2Fv2%2Fcomments&post=17160"}],"version-history":[{"count":1,"href":"https:\/\/divulga.unila.edu.br\/umapas\/index.php?rest_route=\/wp\/v2\/posts\/17160\/revisions"}],"predecessor-version":[{"id":17162,"href":"https:\/\/divulga.unila.edu.br\/umapas\/index.php?rest_route=\/wp\/v2\/posts\/17160\/revisions\/17162"}],"wp:attachment":[{"href":"https:\/\/divulga.unila.edu.br\/umapas\/index.php?rest_route=%2Fwp%2Fv2%2Fmedia&parent=17160"}],"wp:term":[{"taxonomy":"category","embeddable":true,"href":"https:\/\/divulga.unila.edu.br\/umapas\/index.php?rest_route=%2Fwp%2Fv2%2Fcategories&post=17160"},{"taxonomy":"post_tag","embeddable":true,"href":"https:\/\/divulga.unila.edu.br\/umapas\/index.php?rest_route=%2Fwp%2Fv2%2Ftags&post=17160"}],"curies":[{"name":"wp","href":"https:\/\/api.w.org\/{rel}","templated":true}]}}