{"id":17157,"date":"2026-04-08T15:04:14","date_gmt":"2026-04-08T18:04:14","guid":{"rendered":"https:\/\/divulga.unila.edu.br\/umapas\/?p=17157"},"modified":"2026-04-08T15:04:16","modified_gmt":"2026-04-08T18:04:16","slug":"gremio-recreativo-esportivo-cultural-e-social-escola-de-samba-mocidade-unida-do-porto-meira","status":"publish","type":"post","link":"https:\/\/divulga.unila.edu.br\/umapas\/?p=17157","title":{"rendered":"Gr\u00eamio Recreativo, Esportivo, Cultural e Social Escola de Samba Mocidade Unida do Porto Meira"},"content":{"rendered":"\n<p>Fundada em 2000 a partir da jun\u00e7\u00e3o das Escolas de Samba Mocidade das Tr\u00eas Fronteiras e Unidos do Porto Meira, a escola de samba Mocidade Unida do Porto Meira atua como um pilar de resist\u00eancia e visibilidade da cultura afro-brasileira e promove atividades de pertencimento socio-hist\u00f3rico na comunidade. Por meio de seus desfiles e atividades art\u00edsticas, celebra a diversidade nacional e o bem-estar de seus associados. Suas ra\u00edzes profundas no bairro transformam o carnaval em uma ferramenta de integra\u00e7\u00e3o social e difus\u00e3o das tradi\u00e7\u00f5es locais.<\/p>\n\n\n\n<p><strong>Endere\u00e7o: <\/strong>Rua Brilhantes, 807, Parque Ouro Verde, Foz do Igua\u00e7u, Paran\u00e1, Brasil. <strong>CEP:<\/strong> 85854-230<\/p>\n\n\n\n<p><strong>Contato: <\/strong>+55 45 999173427 |\u00a0sambashowfoz@hotmail.com | <a href=\"https:\/\/www.facebook.com\/sambashowmocidadeunida\">https:\/\/www.facebook.com\/sambashowmocidadeunida<\/a> | <a href=\"https:\/\/www.instagram.com\/escoladesambamocidade\">https:\/\/www.instagram.com\/escoladesambamocidade<\/a><\/p>\n\n\n\n<p><strong>Infraestrutura dispon\u00edvel: <\/strong>Sede administrativa e espa\u00e7o para ensaios.<\/p>\n","protected":false},"excerpt":{"rendered":"<p>Fundada em 2000 a partir da jun\u00e7\u00e3o das Escolas de Samba Mocidade das Tr\u00eas Fronteiras e Unidos do Porto Meira, a escola de samba Mocidade Unida do Porto Meira atua como um pilar de resist\u00eancia e visibilidade da cultura afro-brasileira e promove atividades de pertencimento socio-hist\u00f3rico na comunidade. Por meio de seus desfiles e atividades [&hellip;]<\/p>\n","protected":false},"author":2,"featured_media":0,"comment_status":"closed","ping_status":"open","sticky":false,"template":"","format":"standard","meta":{"footnotes":""},"categories":[282,298,283],"tags":[],"class_list":["post-17157","post","type-post","status-publish","format-standard","hentry","category-agente-ou-espaco-cultural","category-associacao","category-instituicao-privada-agente-ou-espaco-cultural"],"_links":{"self":[{"href":"https:\/\/divulga.unila.edu.br\/umapas\/index.php?rest_route=\/wp\/v2\/posts\/17157","targetHints":{"allow":["GET"]}}],"collection":[{"href":"https:\/\/divulga.unila.edu.br\/umapas\/index.php?rest_route=\/wp\/v2\/posts"}],"about":[{"href":"https:\/\/divulga.unila.edu.br\/umapas\/index.php?rest_route=\/wp\/v2\/types\/post"}],"author":[{"embeddable":true,"href":"https:\/\/divulga.unila.edu.br\/umapas\/index.php?rest_route=\/wp\/v2\/users\/2"}],"replies":[{"embeddable":true,"href":"https:\/\/divulga.unila.edu.br\/umapas\/index.php?rest_route=%2Fwp%2Fv2%2Fcomments&post=17157"}],"version-history":[{"count":1,"href":"https:\/\/divulga.unila.edu.br\/umapas\/index.php?rest_route=\/wp\/v2\/posts\/17157\/revisions"}],"predecessor-version":[{"id":17159,"href":"https:\/\/divulga.unila.edu.br\/umapas\/index.php?rest_route=\/wp\/v2\/posts\/17157\/revisions\/17159"}],"wp:attachment":[{"href":"https:\/\/divulga.unila.edu.br\/umapas\/index.php?rest_route=%2Fwp%2Fv2%2Fmedia&parent=17157"}],"wp:term":[{"taxonomy":"category","embeddable":true,"href":"https:\/\/divulga.unila.edu.br\/umapas\/index.php?rest_route=%2Fwp%2Fv2%2Fcategories&post=17157"},{"taxonomy":"post_tag","embeddable":true,"href":"https:\/\/divulga.unila.edu.br\/umapas\/index.php?rest_route=%2Fwp%2Fv2%2Ftags&post=17157"}],"curies":[{"name":"wp","href":"https:\/\/api.w.org\/{rel}","templated":true}]}}