{"id":17153,"date":"2026-04-08T14:46:58","date_gmt":"2026-04-08T17:46:58","guid":{"rendered":"https:\/\/divulga.unila.edu.br\/umapas\/?p=17153"},"modified":"2026-04-08T14:47:00","modified_gmt":"2026-04-08T17:47:00","slug":"casa-nogara","status":"publish","type":"post","link":"https:\/\/divulga.unila.edu.br\/umapas\/?p=17153","title":{"rendered":"Casa Nogara"},"content":{"rendered":"\n<p>A Casa Nogara \u00e9 uma casa-museu dedicada \u00e0 preserva\u00e7\u00e3o da mem\u00f3ria local e \u00e0 promo\u00e7\u00e3o art\u00edstica. Seu acervo re\u00fane obras de Nani Nogara e do Coletivo Duas Marias, al\u00e9m de objetos hist\u00f3ricos de pioneiros da regi\u00e3o. O espa\u00e7o atua como um centro cultural, realizando exposi\u00e7\u00f5es, oficinas e eventos que fomentam m\u00faltiplas linguagens.<\/p>\n\n\n\n<p><strong>Endere\u00e7o: <\/strong>Rua Visconde do Rio Branco, 2110, Centro, Cascavel, Paran\u00e1, Brasil. <strong>CEP:<\/strong> 85801-240<\/p>\n\n\n\n<p><strong>Contato: <\/strong>+55 45 991357534 |\u00a0casanogaramuseu@gmail.com | <a href=\"https:\/\/www.naniartes.com\/\">https:\/\/www.naniartes.com\/<\/a> | <a href=\"https:\/\/www.instagram.com\/casa.nogara\">https:\/\/www.instagram.com\/casa.nogara<\/a><\/p>\n\n\n\n<p><strong>Infraestrutura dispon\u00edvel: <\/strong>Disp\u00f5e de salas para exposi\u00e7\u00e3o, ateli\u00ea e espa\u00e7os para a realiza\u00e7\u00e3o de cursos, oficinas, palestras e eventos de pequeno porte.<\/p>\n","protected":false},"excerpt":{"rendered":"<p>A Casa Nogara \u00e9 uma casa-museu dedicada \u00e0 preserva\u00e7\u00e3o da mem\u00f3ria local e \u00e0 promo\u00e7\u00e3o art\u00edstica. Seu acervo re\u00fane obras de Nani Nogara e do Coletivo Duas Marias, al\u00e9m de objetos hist\u00f3ricos de pioneiros da regi\u00e3o. O espa\u00e7o atua como um centro cultural, realizando exposi\u00e7\u00f5es, oficinas e eventos que fomentam m\u00faltiplas linguagens. Endere\u00e7o: Rua Visconde [&hellip;]<\/p>\n","protected":false},"author":2,"featured_media":0,"comment_status":"closed","ping_status":"open","sticky":false,"template":"","format":"standard","meta":{"footnotes":""},"categories":[282,298,283],"tags":[],"class_list":["post-17153","post","type-post","status-publish","format-standard","hentry","category-agente-ou-espaco-cultural","category-associacao","category-instituicao-privada-agente-ou-espaco-cultural"],"_links":{"self":[{"href":"https:\/\/divulga.unila.edu.br\/umapas\/index.php?rest_route=\/wp\/v2\/posts\/17153","targetHints":{"allow":["GET"]}}],"collection":[{"href":"https:\/\/divulga.unila.edu.br\/umapas\/index.php?rest_route=\/wp\/v2\/posts"}],"about":[{"href":"https:\/\/divulga.unila.edu.br\/umapas\/index.php?rest_route=\/wp\/v2\/types\/post"}],"author":[{"embeddable":true,"href":"https:\/\/divulga.unila.edu.br\/umapas\/index.php?rest_route=\/wp\/v2\/users\/2"}],"replies":[{"embeddable":true,"href":"https:\/\/divulga.unila.edu.br\/umapas\/index.php?rest_route=%2Fwp%2Fv2%2Fcomments&post=17153"}],"version-history":[{"count":1,"href":"https:\/\/divulga.unila.edu.br\/umapas\/index.php?rest_route=\/wp\/v2\/posts\/17153\/revisions"}],"predecessor-version":[{"id":17155,"href":"https:\/\/divulga.unila.edu.br\/umapas\/index.php?rest_route=\/wp\/v2\/posts\/17153\/revisions\/17155"}],"wp:attachment":[{"href":"https:\/\/divulga.unila.edu.br\/umapas\/index.php?rest_route=%2Fwp%2Fv2%2Fmedia&parent=17153"}],"wp:term":[{"taxonomy":"category","embeddable":true,"href":"https:\/\/divulga.unila.edu.br\/umapas\/index.php?rest_route=%2Fwp%2Fv2%2Fcategories&post=17153"},{"taxonomy":"post_tag","embeddable":true,"href":"https:\/\/divulga.unila.edu.br\/umapas\/index.php?rest_route=%2Fwp%2Fv2%2Ftags&post=17153"}],"curies":[{"name":"wp","href":"https:\/\/api.w.org\/{rel}","templated":true}]}}