{"id":17147,"date":"2026-04-08T09:14:06","date_gmt":"2026-04-08T12:14:06","guid":{"rendered":"https:\/\/divulga.unila.edu.br\/umapas\/?p=17147"},"modified":"2026-04-08T09:14:08","modified_gmt":"2026-04-08T12:14:08","slug":"centro-cultural-beneficente-islamico-de-foz-do-iguacu","status":"publish","type":"post","link":"https:\/\/divulga.unila.edu.br\/umapas\/?p=17147","title":{"rendered":"Centro Cultural Beneficente Isl\u00e2mico de Foz do Igua\u00e7u"},"content":{"rendered":"\n<p>O Centro Cultural Beneficente Isl\u00e2mico (CCBI) de Foz do Igua\u00e7u \u00e9 a entidade respons\u00e1vel pela administra\u00e7\u00e3o da Mesquita Omar Ibn Al-Khattab, um dos marcos religiosos e tur\u00edsticos mais importantes da cidade. Fundado para preservar a cultura \u00e1rabe e a f\u00e9 isl\u00e2mica na regi\u00e3o, o centro gerencia as atividades religiosas, educacionais e as visitas guiadas ao templo.<\/p>\n\n\n\n<p><strong>Endere\u00e7o: <\/strong>Rua Meca, 599, Jardim Central, Foz do Igua\u00e7u, Paran\u00e1, Brasil. <strong>CEP:<\/strong> 85864-410<\/p>\n\n\n\n<p><strong>Contato: <\/strong>+55 45 991166229 |\u00a0contato@ccbi.org.br | <a href=\"https:\/\/www.mesquitafoz.com.br\/\">https:\/\/www.mesquitafoz.com.br\/<\/a> | <a href=\"https:\/\/www.facebook.com\/MesquitaFoz\">https:\/\/www.facebook.com\/MesquitaFoz<\/a> | <a href=\"https:\/\/www.instagram.com\/mesquitafoz\">https:\/\/www.instagram.com\/mesquitafoz<\/a><\/p>\n\n\n\n<p><strong>Infraestrutura dispon\u00edvel: <\/strong>O espa\u00e7o \u00e9 constitu\u00eddo pela Mesquita Omar Ibn Al-Khattab, um centro de visitantes, salas de aula, quadra esportiva e estacionamento.<\/p>\n","protected":false},"excerpt":{"rendered":"<p>O Centro Cultural Beneficente Isl\u00e2mico (CCBI) de Foz do Igua\u00e7u \u00e9 a entidade respons\u00e1vel pela administra\u00e7\u00e3o da Mesquita Omar Ibn Al-Khattab, um dos marcos religiosos e tur\u00edsticos mais importantes da cidade. Fundado para preservar a cultura \u00e1rabe e a f\u00e9 isl\u00e2mica na regi\u00e3o, o centro gerencia as atividades religiosas, educacionais e as visitas guiadas ao [&hellip;]<\/p>\n","protected":false},"author":2,"featured_media":0,"comment_status":"closed","ping_status":"open","sticky":false,"template":"","format":"standard","meta":{"footnotes":""},"categories":[282,295,283],"tags":[],"class_list":["post-17147","post","type-post","status-publish","format-standard","hentry","category-agente-ou-espaco-cultural","category-entidade-sem-fins-lucrativos","category-instituicao-privada-agente-ou-espaco-cultural"],"_links":{"self":[{"href":"https:\/\/divulga.unila.edu.br\/umapas\/index.php?rest_route=\/wp\/v2\/posts\/17147","targetHints":{"allow":["GET"]}}],"collection":[{"href":"https:\/\/divulga.unila.edu.br\/umapas\/index.php?rest_route=\/wp\/v2\/posts"}],"about":[{"href":"https:\/\/divulga.unila.edu.br\/umapas\/index.php?rest_route=\/wp\/v2\/types\/post"}],"author":[{"embeddable":true,"href":"https:\/\/divulga.unila.edu.br\/umapas\/index.php?rest_route=\/wp\/v2\/users\/2"}],"replies":[{"embeddable":true,"href":"https:\/\/divulga.unila.edu.br\/umapas\/index.php?rest_route=%2Fwp%2Fv2%2Fcomments&post=17147"}],"version-history":[{"count":1,"href":"https:\/\/divulga.unila.edu.br\/umapas\/index.php?rest_route=\/wp\/v2\/posts\/17147\/revisions"}],"predecessor-version":[{"id":17150,"href":"https:\/\/divulga.unila.edu.br\/umapas\/index.php?rest_route=\/wp\/v2\/posts\/17147\/revisions\/17150"}],"wp:attachment":[{"href":"https:\/\/divulga.unila.edu.br\/umapas\/index.php?rest_route=%2Fwp%2Fv2%2Fmedia&parent=17147"}],"wp:term":[{"taxonomy":"category","embeddable":true,"href":"https:\/\/divulga.unila.edu.br\/umapas\/index.php?rest_route=%2Fwp%2Fv2%2Fcategories&post=17147"},{"taxonomy":"post_tag","embeddable":true,"href":"https:\/\/divulga.unila.edu.br\/umapas\/index.php?rest_route=%2Fwp%2Fv2%2Ftags&post=17147"}],"curies":[{"name":"wp","href":"https:\/\/api.w.org\/{rel}","templated":true}]}}