{"id":17142,"date":"2026-04-08T08:59:40","date_gmt":"2026-04-08T11:59:40","guid":{"rendered":"https:\/\/divulga.unila.edu.br\/umapas\/?p=17142"},"modified":"2026-04-08T09:07:49","modified_gmt":"2026-04-08T12:07:49","slug":"centro-cultural-gilberto-mayer","status":"publish","type":"post","link":"https:\/\/divulga.unila.edu.br\/umapas\/?p=17142","title":{"rendered":"Centro Cultural Gilberto Mayer"},"content":{"rendered":"\n<p>O Centro Cultural Gilberto Mayer abriga o Museu Hist\u00f3rico da cidade, o Museu da Imagem e do Som e um teatro, que serve de palco para diversos espet\u00e1culos. O centro cultural tamb\u00e9m constitui-se em um ponto de encontro aos domingos, quando sua \u00e1rea externa recebe a tradicional Feira do Teatro, integrando lazer, gastronomia e artesanato em um s\u00f3 lugar.Espa\u00e7o destinado a aulas de m\u00fasica (viola caipira), oficinas de artes visuais, teatro, palestras e ensaios.<\/p>\n\n\n\n<p><strong>Endere\u00e7o: <\/strong>Rua Duque de Caxias, 379, Centro, Cascavel, Paran\u00e1, Brasil. <strong>CEP:<\/strong> 85801-100.<\/p>\n\n\n\n<p><strong>Contato: <\/strong>+55 45 39021442 |&nbsp;ccgmcascavel@gmail.com | <a href=\"https:\/\/www.instagram.com\/ccgmcascavel\/\">https:\/\/www.instagram.com\/ccgmcascavel\/<\/a><\/p>\n\n\n\n<p><strong>Infraestrutura dispon\u00edvel: <\/strong>Espa\u00e7o cultural multifuncional, que possui: teatro para recitais e espet\u00e1culos com cerca de 300 lugares, salas de exposi\u00e7\u00e3o para artes visuais e estacionamento.<\/p>\n","protected":false},"excerpt":{"rendered":"<p>O Centro Cultural Gilberto Mayer abriga o Museu Hist\u00f3rico da cidade, o Museu da Imagem e do Som e um teatro, que serve de palco para diversos espet\u00e1culos. O centro cultural tamb\u00e9m constitui-se em um ponto de encontro aos domingos, quando sua \u00e1rea externa recebe a tradicional Feira do Teatro, integrando lazer, gastronomia e artesanato [&hellip;]<\/p>\n","protected":false},"author":2,"featured_media":0,"comment_status":"closed","ping_status":"open","sticky":false,"template":"","format":"standard","meta":{"footnotes":""},"categories":[282,289,286],"tags":[],"class_list":["post-17142","post","type-post","status-publish","format-standard","hentry","category-agente-ou-espaco-cultural","category-espaco-cultural-municipal","category-instituicao-publica-agente-ou-espaco-cultural"],"_links":{"self":[{"href":"https:\/\/divulga.unila.edu.br\/umapas\/index.php?rest_route=\/wp\/v2\/posts\/17142","targetHints":{"allow":["GET"]}}],"collection":[{"href":"https:\/\/divulga.unila.edu.br\/umapas\/index.php?rest_route=\/wp\/v2\/posts"}],"about":[{"href":"https:\/\/divulga.unila.edu.br\/umapas\/index.php?rest_route=\/wp\/v2\/types\/post"}],"author":[{"embeddable":true,"href":"https:\/\/divulga.unila.edu.br\/umapas\/index.php?rest_route=\/wp\/v2\/users\/2"}],"replies":[{"embeddable":true,"href":"https:\/\/divulga.unila.edu.br\/umapas\/index.php?rest_route=%2Fwp%2Fv2%2Fcomments&post=17142"}],"version-history":[{"count":2,"href":"https:\/\/divulga.unila.edu.br\/umapas\/index.php?rest_route=\/wp\/v2\/posts\/17142\/revisions"}],"predecessor-version":[{"id":17148,"href":"https:\/\/divulga.unila.edu.br\/umapas\/index.php?rest_route=\/wp\/v2\/posts\/17142\/revisions\/17148"}],"wp:attachment":[{"href":"https:\/\/divulga.unila.edu.br\/umapas\/index.php?rest_route=%2Fwp%2Fv2%2Fmedia&parent=17142"}],"wp:term":[{"taxonomy":"category","embeddable":true,"href":"https:\/\/divulga.unila.edu.br\/umapas\/index.php?rest_route=%2Fwp%2Fv2%2Fcategories&post=17142"},{"taxonomy":"post_tag","embeddable":true,"href":"https:\/\/divulga.unila.edu.br\/umapas\/index.php?rest_route=%2Fwp%2Fv2%2Ftags&post=17142"}],"curies":[{"name":"wp","href":"https:\/\/api.w.org\/{rel}","templated":true}]}}