{"id":17137,"date":"2026-03-30T15:44:53","date_gmt":"2026-03-30T18:44:53","guid":{"rendered":"https:\/\/divulga.unila.edu.br\/umapas\/?p=17137"},"modified":"2026-03-30T16:52:20","modified_gmt":"2026-03-30T19:52:20","slug":"centro-cultural-avelino-vieira","status":"publish","type":"post","link":"https:\/\/divulga.unila.edu.br\/umapas\/?p=17137","title":{"rendered":"Centro Cultural Avelino Vieira"},"content":{"rendered":"\n<p>Espa\u00e7o destinado a aulas de m\u00fasica (viola caipira), oficinas de artes visuais, teatro, palestras e ensaios.<\/p>\n\n\n\n<p><strong>Endere\u00e7o: <\/strong>Rua Souza Naves, sn, Centro, S\u00e3o Miguel do Igua\u00e7u, Paran\u00e1, Brasil. <strong>CEP:<\/strong> 85.877-000.<\/p>\n\n\n\n<p><strong>Contato: <\/strong>+55 45 35658147 |\u00a0cultura@saomiguel.pr.gov.br | saomiguel.pr.gov.br | <a href=\"https:\/\/www.instagram.com\/prefesmi\/\">https:\/\/www.instagram.com\/prefesmi\/<\/a><\/p>\n\n\n\n<p><strong>Infraestrutura dispon\u00edvel: <\/strong>Audit\u00f3rio para apresenta\u00e7\u00f5es, salas para oficinas, biblioteca e setor administrativo.<\/p>\n","protected":false},"excerpt":{"rendered":"<p>Espa\u00e7o destinado a aulas de m\u00fasica (viola caipira), oficinas de artes visuais, teatro, palestras e ensaios. Endere\u00e7o: Rua Souza Naves, sn, Centro, S\u00e3o Miguel do Igua\u00e7u, Paran\u00e1, Brasil. CEP: 85.877-000. Contato: +55 45 35658147 |\u00a0cultura@saomiguel.pr.gov.br | saomiguel.pr.gov.br | https:\/\/www.instagram.com\/prefesmi\/ Infraestrutura dispon\u00edvel: Audit\u00f3rio para apresenta\u00e7\u00f5es, salas para oficinas, biblioteca e setor administrativo.<\/p>\n","protected":false},"author":2,"featured_media":0,"comment_status":"closed","ping_status":"open","sticky":false,"template":"","format":"standard","meta":{"footnotes":""},"categories":[282,289,286],"tags":[],"class_list":["post-17137","post","type-post","status-publish","format-standard","hentry","category-agente-ou-espaco-cultural","category-espaco-cultural-municipal","category-instituicao-publica-agente-ou-espaco-cultural"],"_links":{"self":[{"href":"https:\/\/divulga.unila.edu.br\/umapas\/index.php?rest_route=\/wp\/v2\/posts\/17137","targetHints":{"allow":["GET"]}}],"collection":[{"href":"https:\/\/divulga.unila.edu.br\/umapas\/index.php?rest_route=\/wp\/v2\/posts"}],"about":[{"href":"https:\/\/divulga.unila.edu.br\/umapas\/index.php?rest_route=\/wp\/v2\/types\/post"}],"author":[{"embeddable":true,"href":"https:\/\/divulga.unila.edu.br\/umapas\/index.php?rest_route=\/wp\/v2\/users\/2"}],"replies":[{"embeddable":true,"href":"https:\/\/divulga.unila.edu.br\/umapas\/index.php?rest_route=%2Fwp%2Fv2%2Fcomments&post=17137"}],"version-history":[{"count":2,"href":"https:\/\/divulga.unila.edu.br\/umapas\/index.php?rest_route=\/wp\/v2\/posts\/17137\/revisions"}],"predecessor-version":[{"id":17144,"href":"https:\/\/divulga.unila.edu.br\/umapas\/index.php?rest_route=\/wp\/v2\/posts\/17137\/revisions\/17144"}],"wp:attachment":[{"href":"https:\/\/divulga.unila.edu.br\/umapas\/index.php?rest_route=%2Fwp%2Fv2%2Fmedia&parent=17137"}],"wp:term":[{"taxonomy":"category","embeddable":true,"href":"https:\/\/divulga.unila.edu.br\/umapas\/index.php?rest_route=%2Fwp%2Fv2%2Fcategories&post=17137"},{"taxonomy":"post_tag","embeddable":true,"href":"https:\/\/divulga.unila.edu.br\/umapas\/index.php?rest_route=%2Fwp%2Fv2%2Ftags&post=17137"}],"curies":[{"name":"wp","href":"https:\/\/api.w.org\/{rel}","templated":true}]}}