{"id":17134,"date":"2026-03-30T15:34:33","date_gmt":"2026-03-30T18:34:33","guid":{"rendered":"https:\/\/divulga.unila.edu.br\/umapas\/?p=17134"},"modified":"2026-03-30T16:28:51","modified_gmt":"2026-03-30T19:28:51","slug":"centro-popular-de-cultura-arandura","status":"publish","type":"post","link":"https:\/\/divulga.unila.edu.br\/umapas\/?p=17134","title":{"rendered":"Centro Popular de Cultura Arandur\u00e1"},"content":{"rendered":"\n<p>Espa\u00e7o destinado a oficinas de teatro, m\u00fasica (conservat\u00f3rio), dan\u00e7a, cinema, festivais folcl\u00f3ricos e exposi\u00e7\u00f5es.<\/p>\n\n\n\n<p><strong>Endere\u00e7o: <\/strong>Avenida Brasil, 1677, Centro, Medianeira, Paran\u00e1, Brasil. <strong>CEP:<\/strong> 85720-001.<\/p>\n\n\n\n<p><strong>Contato: <\/strong>+55 45 32648674 |\u00a0cultura@medianeira.pr.gov.br | medianeira.pr.gov.br | <a href=\"https:\/\/www.instagram.com\/culturamedianeira\">https:\/\/www.instagram.com\/culturamedianeira<\/a><\/p>\n\n\n\n<p><strong>Infraestrutura dispon\u00edvel: <\/strong>Espa\u00e7o cultural polivalente usado como teatro, cinema e centro de forma\u00e7\u00e3o art\u00edstica. Possui audit\u00f3rio equipado para proje\u00e7\u00f5es e artes c\u00eanicas.<\/p>\n\n\n\n<p><\/p>\n","protected":false},"excerpt":{"rendered":"<p>Espa\u00e7o destinado a oficinas de teatro, m\u00fasica (conservat\u00f3rio), dan\u00e7a, cinema, festivais folcl\u00f3ricos e exposi\u00e7\u00f5es. Endere\u00e7o: Avenida Brasil, 1677, Centro, Medianeira, Paran\u00e1, Brasil. CEP: 85720-001. Contato: +55 45 32648674 |\u00a0cultura@medianeira.pr.gov.br | medianeira.pr.gov.br | https:\/\/www.instagram.com\/culturamedianeira Infraestrutura dispon\u00edvel: Espa\u00e7o cultural polivalente usado como teatro, cinema e centro de forma\u00e7\u00e3o art\u00edstica. Possui audit\u00f3rio equipado para proje\u00e7\u00f5es e artes c\u00eanicas.<\/p>\n","protected":false},"author":2,"featured_media":0,"comment_status":"closed","ping_status":"open","sticky":false,"template":"","format":"standard","meta":{"footnotes":""},"categories":[282,289,286],"tags":[],"class_list":["post-17134","post","type-post","status-publish","format-standard","hentry","category-agente-ou-espaco-cultural","category-espaco-cultural-municipal","category-instituicao-publica-agente-ou-espaco-cultural"],"_links":{"self":[{"href":"https:\/\/divulga.unila.edu.br\/umapas\/index.php?rest_route=\/wp\/v2\/posts\/17134","targetHints":{"allow":["GET"]}}],"collection":[{"href":"https:\/\/divulga.unila.edu.br\/umapas\/index.php?rest_route=\/wp\/v2\/posts"}],"about":[{"href":"https:\/\/divulga.unila.edu.br\/umapas\/index.php?rest_route=\/wp\/v2\/types\/post"}],"author":[{"embeddable":true,"href":"https:\/\/divulga.unila.edu.br\/umapas\/index.php?rest_route=\/wp\/v2\/users\/2"}],"replies":[{"embeddable":true,"href":"https:\/\/divulga.unila.edu.br\/umapas\/index.php?rest_route=%2Fwp%2Fv2%2Fcomments&post=17134"}],"version-history":[{"count":1,"href":"https:\/\/divulga.unila.edu.br\/umapas\/index.php?rest_route=\/wp\/v2\/posts\/17134\/revisions"}],"predecessor-version":[{"id":17135,"href":"https:\/\/divulga.unila.edu.br\/umapas\/index.php?rest_route=\/wp\/v2\/posts\/17134\/revisions\/17135"}],"wp:attachment":[{"href":"https:\/\/divulga.unila.edu.br\/umapas\/index.php?rest_route=%2Fwp%2Fv2%2Fmedia&parent=17134"}],"wp:term":[{"taxonomy":"category","embeddable":true,"href":"https:\/\/divulga.unila.edu.br\/umapas\/index.php?rest_route=%2Fwp%2Fv2%2Fcategories&post=17134"},{"taxonomy":"post_tag","embeddable":true,"href":"https:\/\/divulga.unila.edu.br\/umapas\/index.php?rest_route=%2Fwp%2Fv2%2Ftags&post=17134"}],"curies":[{"name":"wp","href":"https:\/\/api.w.org\/{rel}","templated":true}]}}