{"id":17128,"date":"2026-03-30T14:50:10","date_gmt":"2026-03-30T17:50:10","guid":{"rendered":"https:\/\/divulga.unila.edu.br\/umapas\/?p=17128"},"modified":"2026-03-30T16:18:46","modified_gmt":"2026-03-30T19:18:46","slug":"museu-de-arte-de-cascavel","status":"publish","type":"post","link":"https:\/\/divulga.unila.edu.br\/umapas\/?p=17128","title":{"rendered":"Museu de Arte de Cascavel"},"content":{"rendered":"\n<p>Espa\u00e7o destinado a exposi\u00e7\u00f5es de artes visuais, oficinas art\u00edsticas e media\u00e7\u00e3o cultural.<\/p>\n\n\n\n<p><strong>Endere\u00e7o: <\/strong>Rua Mato Grosso, 2909, Centro, Cascavel, Paran\u00e1, Brasil. <strong>CEP:<\/strong> 85812-025.<\/p>\n\n\n\n<p><strong>Contato: <\/strong>+55 45 39021370 |\u00a0cultura@cascavel.pr.gov.br | <a href=\"https:\/\/www.facebook.com\/pages\/Museu-de-Arte-de-Cascavel-MAC\/1911777309057819\">https:\/\/www.facebook.com\/pages\/Museu-de-Arte-de-Cascavel-MAC\/1911777309057819<\/a> | <a href=\"https:\/\/www.instagram.com\/museudeartedecascavel\/\">https:\/\/www.instagram.com\/museudeartedecascavel\/<\/a><\/p>\n\n\n\n<p><strong>Infraestrutura dispon\u00edvel: <\/strong>Duas salas de exposi\u00e7\u00e3o permanente (arte plum\u00e1ria e cer\u00e2mica paraguaia), salas expositivas amplas e reserva t\u00e9cnica.<\/p>\n","protected":false},"excerpt":{"rendered":"<p>Espa\u00e7o destinado a exposi\u00e7\u00f5es de artes visuais, oficinas art\u00edsticas e media\u00e7\u00e3o cultural. Endere\u00e7o: Rua Mato Grosso, 2909, Centro, Cascavel, Paran\u00e1, Brasil. CEP: 85812-025. Contato: +55 45 39021370 |\u00a0cultura@cascavel.pr.gov.br | https:\/\/www.facebook.com\/pages\/Museu-de-Arte-de-Cascavel-MAC\/1911777309057819 | https:\/\/www.instagram.com\/museudeartedecascavel\/ Infraestrutura dispon\u00edvel: Duas salas de exposi\u00e7\u00e3o permanente (arte plum\u00e1ria e cer\u00e2mica paraguaia), salas expositivas amplas e reserva t\u00e9cnica.<\/p>\n","protected":false},"author":2,"featured_media":0,"comment_status":"closed","ping_status":"open","sticky":false,"template":"","format":"standard","meta":{"footnotes":""},"categories":[282,289,286],"tags":[],"class_list":["post-17128","post","type-post","status-publish","format-standard","hentry","category-agente-ou-espaco-cultural","category-espaco-cultural-municipal","category-instituicao-publica-agente-ou-espaco-cultural"],"_links":{"self":[{"href":"https:\/\/divulga.unila.edu.br\/umapas\/index.php?rest_route=\/wp\/v2\/posts\/17128","targetHints":{"allow":["GET"]}}],"collection":[{"href":"https:\/\/divulga.unila.edu.br\/umapas\/index.php?rest_route=\/wp\/v2\/posts"}],"about":[{"href":"https:\/\/divulga.unila.edu.br\/umapas\/index.php?rest_route=\/wp\/v2\/types\/post"}],"author":[{"embeddable":true,"href":"https:\/\/divulga.unila.edu.br\/umapas\/index.php?rest_route=\/wp\/v2\/users\/2"}],"replies":[{"embeddable":true,"href":"https:\/\/divulga.unila.edu.br\/umapas\/index.php?rest_route=%2Fwp%2Fv2%2Fcomments&post=17128"}],"version-history":[{"count":1,"href":"https:\/\/divulga.unila.edu.br\/umapas\/index.php?rest_route=\/wp\/v2\/posts\/17128\/revisions"}],"predecessor-version":[{"id":17131,"href":"https:\/\/divulga.unila.edu.br\/umapas\/index.php?rest_route=\/wp\/v2\/posts\/17128\/revisions\/17131"}],"wp:attachment":[{"href":"https:\/\/divulga.unila.edu.br\/umapas\/index.php?rest_route=%2Fwp%2Fv2%2Fmedia&parent=17128"}],"wp:term":[{"taxonomy":"category","embeddable":true,"href":"https:\/\/divulga.unila.edu.br\/umapas\/index.php?rest_route=%2Fwp%2Fv2%2Fcategories&post=17128"},{"taxonomy":"post_tag","embeddable":true,"href":"https:\/\/divulga.unila.edu.br\/umapas\/index.php?rest_route=%2Fwp%2Fv2%2Ftags&post=17128"}],"curies":[{"name":"wp","href":"https:\/\/api.w.org\/{rel}","templated":true}]}}