{"id":17093,"date":"2026-03-30T14:19:18","date_gmt":"2026-03-30T17:19:18","guid":{"rendered":"https:\/\/divulga.unila.edu.br\/umapas\/?p=17093"},"modified":"2026-03-30T15:57:16","modified_gmt":"2026-03-30T18:57:16","slug":"teatro-municipal-sefrin-filho","status":"publish","type":"post","link":"https:\/\/divulga.unila.edu.br\/umapas\/?p=17093","title":{"rendered":"Teatro Municipal Sefrin Filho"},"content":{"rendered":"\n<p>Complexo cultural multifuncional para artes c\u00eanicas, visuais e forma\u00e7\u00e3o art\u00edstica, com atividades de teatro, dan\u00e7a, musicais e exposi\u00e7\u00f5es de arte.<\/p>\n\n\n\n<p><strong>Endere\u00e7o: <\/strong>Rua Rio de Janeiro, 905, Centro, Cascavel, Paran\u00e1, Brasil. <strong>CEP:<\/strong> 85810-020.<\/p>\n\n\n\n<p><strong>Contato: <\/strong>+55 45 39021370 |\u00a0cultura@cascavel.pr.gov.br | <a href=\"https:\/\/www.instagram.com\/culturacascavel\">https:\/\/www.instagram.com\/culturacascavel<\/a><\/p>\n\n\n\n<p><strong>Infraestrutura dispon\u00edvel: <\/strong>Audit\u00f3rio principal com 821 lugares, audit\u00f3rios menores, salas de ensaio e galerias de arte.<\/p>\n","protected":false},"excerpt":{"rendered":"<p>Complexo cultural multifuncional para artes c\u00eanicas, visuais e forma\u00e7\u00e3o art\u00edstica, com atividades de teatro, dan\u00e7a, musicais e exposi\u00e7\u00f5es de arte. Endere\u00e7o: Rua Rio de Janeiro, 905, Centro, Cascavel, Paran\u00e1, Brasil. CEP: 85810-020. Contato: +55 45 39021370 |\u00a0cultura@cascavel.pr.gov.br | https:\/\/www.instagram.com\/culturacascavel Infraestrutura dispon\u00edvel: Audit\u00f3rio principal com 821 lugares, audit\u00f3rios menores, salas de ensaio e galerias de arte.<\/p>\n","protected":false},"author":2,"featured_media":0,"comment_status":"closed","ping_status":"open","sticky":false,"template":"","format":"standard","meta":{"footnotes":""},"categories":[282,289,286],"tags":[],"class_list":["post-17093","post","type-post","status-publish","format-standard","hentry","category-agente-ou-espaco-cultural","category-espaco-cultural-municipal","category-instituicao-publica-agente-ou-espaco-cultural"],"_links":{"self":[{"href":"https:\/\/divulga.unila.edu.br\/umapas\/index.php?rest_route=\/wp\/v2\/posts\/17093","targetHints":{"allow":["GET"]}}],"collection":[{"href":"https:\/\/divulga.unila.edu.br\/umapas\/index.php?rest_route=\/wp\/v2\/posts"}],"about":[{"href":"https:\/\/divulga.unila.edu.br\/umapas\/index.php?rest_route=\/wp\/v2\/types\/post"}],"author":[{"embeddable":true,"href":"https:\/\/divulga.unila.edu.br\/umapas\/index.php?rest_route=\/wp\/v2\/users\/2"}],"replies":[{"embeddable":true,"href":"https:\/\/divulga.unila.edu.br\/umapas\/index.php?rest_route=%2Fwp%2Fv2%2Fcomments&post=17093"}],"version-history":[{"count":1,"href":"https:\/\/divulga.unila.edu.br\/umapas\/index.php?rest_route=\/wp\/v2\/posts\/17093\/revisions"}],"predecessor-version":[{"id":17117,"href":"https:\/\/divulga.unila.edu.br\/umapas\/index.php?rest_route=\/wp\/v2\/posts\/17093\/revisions\/17117"}],"wp:attachment":[{"href":"https:\/\/divulga.unila.edu.br\/umapas\/index.php?rest_route=%2Fwp%2Fv2%2Fmedia&parent=17093"}],"wp:term":[{"taxonomy":"category","embeddable":true,"href":"https:\/\/divulga.unila.edu.br\/umapas\/index.php?rest_route=%2Fwp%2Fv2%2Fcategories&post=17093"},{"taxonomy":"post_tag","embeddable":true,"href":"https:\/\/divulga.unila.edu.br\/umapas\/index.php?rest_route=%2Fwp%2Fv2%2Ftags&post=17093"}],"curies":[{"name":"wp","href":"https:\/\/api.w.org\/{rel}","templated":true}]}}