{"id":16917,"date":"2026-02-23T16:10:42","date_gmt":"2026-02-23T19:10:42","guid":{"rendered":"https:\/\/divulga.unila.edu.br\/umapas\/?p=16917"},"modified":"2026-03-30T14:12:46","modified_gmt":"2026-03-30T17:12:46","slug":"conselho-comunitario-da-vila-c-2","status":"publish","type":"post","link":"https:\/\/divulga.unila.edu.br\/umapas\/?p=16917","title":{"rendered":"Conselho Comunit\u00e1rio da Vila C"},"content":{"rendered":"\n<p>O Conselho Comunit\u00e1rio da Vila C desenvolve atividades nas \u00e1reas cultural e esportiva, realiza oficinas e cursos profissionalizantes, presta atendimento psicol\u00f3gico e em assist\u00eancia social, e promove palestras em diferentes \u00e1reas, como as de empreendedorismo, sa\u00fade e viol\u00eancia contra a mulher.<\/p>\n\n\n\n<p><strong>Endere\u00e7o: <\/strong>Rua Vila Velha, 63, Vila C, Foz do Igua\u00e7u, Paran\u00e1, Brasil. <strong>CEP:<\/strong> 85870-050.<\/p>\n\n\n\n<p><strong>Contato: <\/strong>+554535757694 |&nbsp;conselhoccvc@hotmail.com | <a href=\"https:\/\/www.facebook.com\/ccvcfoz\/\">https:\/\/www.facebook.com\/ccvcfoz\/<\/a> | <a href=\"https:\/\/www.instagram.com\/conselhoccvc\/\">https:\/\/www.instagram.com\/conselhoccvc\/<\/a><\/p>\n\n\n\n<p><strong>Infraestrutura dispon\u00edvel: <\/strong>espa\u00e7o para palestras, oficinas, mostras, cursos.<\/p>\n","protected":false},"excerpt":{"rendered":"<p>O Conselho Comunit\u00e1rio da Vila C desenvolve atividades nas \u00e1reas cultural e esportiva, realiza oficinas e cursos profissionalizantes, presta atendimento psicol\u00f3gico e em assist\u00eancia social, e promove palestras em diferentes \u00e1reas, como as de empreendedorismo, sa\u00fade e viol\u00eancia contra a mulher. Endere\u00e7o: Rua Vila Velha, 63, Vila C, Foz do Igua\u00e7u, Paran\u00e1, Brasil. CEP: 85870-050. [&hellip;]<\/p>\n","protected":false},"author":2,"featured_media":0,"comment_status":"closed","ping_status":"closed","sticky":false,"template":"","format":"standard","meta":{"footnotes":""},"categories":[282,295],"tags":[],"class_list":["post-16917","post","type-post","status-publish","format-standard","hentry","category-agente-ou-espaco-cultural","category-entidade-sem-fins-lucrativos"],"_links":{"self":[{"href":"https:\/\/divulga.unila.edu.br\/umapas\/index.php?rest_route=\/wp\/v2\/posts\/16917","targetHints":{"allow":["GET"]}}],"collection":[{"href":"https:\/\/divulga.unila.edu.br\/umapas\/index.php?rest_route=\/wp\/v2\/posts"}],"about":[{"href":"https:\/\/divulga.unila.edu.br\/umapas\/index.php?rest_route=\/wp\/v2\/types\/post"}],"author":[{"embeddable":true,"href":"https:\/\/divulga.unila.edu.br\/umapas\/index.php?rest_route=\/wp\/v2\/users\/2"}],"replies":[{"embeddable":true,"href":"https:\/\/divulga.unila.edu.br\/umapas\/index.php?rest_route=%2Fwp%2Fv2%2Fcomments&post=16917"}],"version-history":[{"count":2,"href":"https:\/\/divulga.unila.edu.br\/umapas\/index.php?rest_route=\/wp\/v2\/posts\/16917\/revisions"}],"predecessor-version":[{"id":17113,"href":"https:\/\/divulga.unila.edu.br\/umapas\/index.php?rest_route=\/wp\/v2\/posts\/16917\/revisions\/17113"}],"wp:attachment":[{"href":"https:\/\/divulga.unila.edu.br\/umapas\/index.php?rest_route=%2Fwp%2Fv2%2Fmedia&parent=16917"}],"wp:term":[{"taxonomy":"category","embeddable":true,"href":"https:\/\/divulga.unila.edu.br\/umapas\/index.php?rest_route=%2Fwp%2Fv2%2Fcategories&post=16917"},{"taxonomy":"post_tag","embeddable":true,"href":"https:\/\/divulga.unila.edu.br\/umapas\/index.php?rest_route=%2Fwp%2Fv2%2Ftags&post=16917"}],"curies":[{"name":"wp","href":"https:\/\/api.w.org\/{rel}","templated":true}]}}