{"id":16891,"date":"2026-02-23T16:01:37","date_gmt":"2026-02-23T19:01:37","guid":{"rendered":"https:\/\/divulga.unila.edu.br\/umapas\/?p=16891"},"modified":"2026-03-30T14:12:10","modified_gmt":"2026-03-30T17:12:10","slug":"estacao-cultural-do-artesanato-anamaria-teigao","status":"publish","type":"post","link":"https:\/\/divulga.unila.edu.br\/umapas\/?p=16891","title":{"rendered":"Esta\u00e7\u00e3o Cultural do Artesanato Anamaria Teig\u00e3o"},"content":{"rendered":"\n<p>A Esta\u00e7\u00e3o Cultural do Artesanato Anamaria Teig\u00e3o \u00e9 um espa\u00e7o criado com o prop\u00f3sito de valorizar, promover e difundir o artesanato local e regional, funcionando como um ponto de encontro para oficinas, exposi\u00e7\u00f5es, venda de produtos artesanais e atividades culturais relacionadas \u00e0 economia criativa da regi\u00e3o. A esta\u00e7\u00e3o tamb\u00e9m abriga um espa\u00e7o dedicado \u00e0 mem\u00f3ria da cidade e \u00e0 hist\u00f3ria do artesanato, refor\u00e7ando a import\u00e2ncia cultural dessa express\u00e3o e homenageando Anamaria Teig\u00e3o, refer\u00eancia no desenvolvimento do setor artesanal em Foz do Igua\u00e7u, que acreditava no artesanato como instrumento de inclus\u00e3o social e gera\u00e7\u00e3o de renda, especialmente para mulheres.<\/p>\n\n\n\n<p><strong>Endere\u00e7o: <\/strong>Rua Bar\u00e3o do Rio Branco, 450, Centro, Foz do Igua\u00e7u, Paran\u00e1, Brasil. <strong>CEP:<\/strong> 85851-310.<\/p>\n\n\n\n<p><strong>Contato: <\/strong>+554535211511 |&nbsp;setorculturalfcfi@gmail.com | <a rel=\"noreferrer noopener\" href=\"https:\/\/culturafoz.pmfi.pr.gov.br\/#\/site\/pagina\/institucional\" target=\"_blank\">https:\/\/culturafoz.pmfi.pr.gov.br\/#\/site\/pagina\/institucional<\/a> | <a rel=\"noreferrer noopener\" href=\"https:\/\/www.facebook.com\/CulturalFoz\" target=\"_blank\">https:\/\/www.facebook.com\/CulturalFoz<\/a> | <a rel=\"noreferrer noopener\" href=\"https:\/\/www.instagram.com\/culturalfoz\/\" target=\"_blank\">https:\/\/www.instagram.com\/culturalfoz\/<\/a><\/p>\n\n\n\n<p><strong>Infraestrutura dispon\u00edvel: <\/strong>espa\u00e7os para exposi\u00e7\u00e3o, mostras de arte, oficinas, atividades educativas e para exibi\u00e7\u00e3o de produtos da economia criativa.<\/p>\n","protected":false},"excerpt":{"rendered":"<p>A Esta\u00e7\u00e3o Cultural do Artesanato Anamaria Teig\u00e3o \u00e9 um espa\u00e7o criado com o prop\u00f3sito de valorizar, promover e difundir o artesanato local e regional, funcionando como um ponto de encontro para oficinas, exposi\u00e7\u00f5es, venda de produtos artesanais e atividades culturais relacionadas \u00e0 economia criativa da regi\u00e3o. A esta\u00e7\u00e3o tamb\u00e9m abriga um espa\u00e7o dedicado \u00e0 mem\u00f3ria [&hellip;]<\/p>\n","protected":false},"author":2,"featured_media":0,"comment_status":"closed","ping_status":"closed","sticky":false,"template":"","format":"standard","meta":{"footnotes":""},"categories":[282,289],"tags":[],"class_list":["post-16891","post","type-post","status-publish","format-standard","hentry","category-agente-ou-espaco-cultural","category-espaco-cultural-municipal"],"_links":{"self":[{"href":"https:\/\/divulga.unila.edu.br\/umapas\/index.php?rest_route=\/wp\/v2\/posts\/16891","targetHints":{"allow":["GET"]}}],"collection":[{"href":"https:\/\/divulga.unila.edu.br\/umapas\/index.php?rest_route=\/wp\/v2\/posts"}],"about":[{"href":"https:\/\/divulga.unila.edu.br\/umapas\/index.php?rest_route=\/wp\/v2\/types\/post"}],"author":[{"embeddable":true,"href":"https:\/\/divulga.unila.edu.br\/umapas\/index.php?rest_route=\/wp\/v2\/users\/2"}],"replies":[{"embeddable":true,"href":"https:\/\/divulga.unila.edu.br\/umapas\/index.php?rest_route=%2Fwp%2Fv2%2Fcomments&post=16891"}],"version-history":[{"count":3,"href":"https:\/\/divulga.unila.edu.br\/umapas\/index.php?rest_route=\/wp\/v2\/posts\/16891\/revisions"}],"predecessor-version":[{"id":17109,"href":"https:\/\/divulga.unila.edu.br\/umapas\/index.php?rest_route=\/wp\/v2\/posts\/16891\/revisions\/17109"}],"wp:attachment":[{"href":"https:\/\/divulga.unila.edu.br\/umapas\/index.php?rest_route=%2Fwp%2Fv2%2Fmedia&parent=16891"}],"wp:term":[{"taxonomy":"category","embeddable":true,"href":"https:\/\/divulga.unila.edu.br\/umapas\/index.php?rest_route=%2Fwp%2Fv2%2Fcategories&post=16891"},{"taxonomy":"post_tag","embeddable":true,"href":"https:\/\/divulga.unila.edu.br\/umapas\/index.php?rest_route=%2Fwp%2Fv2%2Ftags&post=16891"}],"curies":[{"name":"wp","href":"https:\/\/api.w.org\/{rel}","templated":true}]}}