{"id":16885,"date":"2026-02-23T15:58:28","date_gmt":"2026-02-23T18:58:28","guid":{"rendered":"https:\/\/divulga.unila.edu.br\/umapas\/?p=16885"},"modified":"2026-03-30T14:10:33","modified_gmt":"2026-03-30T17:10:33","slug":"mercado-publico-barrageiro","status":"publish","type":"post","link":"https:\/\/divulga.unila.edu.br\/umapas\/?p=16885","title":{"rendered":"Mercado P\u00fablico Barrageiro"},"content":{"rendered":"\n<p>O Mercado P\u00fablico Barrageiro \u00e9 um espa\u00e7o p\u00fablico cultural, gastron\u00f4mico e social em Foz do Igua\u00e7u, no Paran\u00e1, pensado para ser ponto de encontro de moradores, turistas, artistas e pequenos empreendedores. Inaugurado em novembro de 2024 em um pr\u00e9dio revitalizado, o mercado re\u00fane em uma mesma \u00e1rea diversas op\u00e7\u00f5es de gastronomia, emp\u00f3rios, artesanato, produtos locais e servi\u00e7os, promovendo a diversidade de sabores e culturas da cidade. O nome \u201cBarrageiro\u201d \u00e9 uma homenagem aos trabalhadores que participaram da constru\u00e7\u00e3o da Usina Hidrel\u00e9trica de Itaipu.<\/p>\n\n\n\n<p><strong>Endere\u00e7o: <\/strong>Avenida Arauc\u00e1ria, 140, Vila A, Foz do Igua\u00e7u, Paran\u00e1, Brasil. <strong>CEP:<\/strong> 85866-020.<\/p>\n\n\n\n<p><strong>Contato: <\/strong>+554535292046 |&nbsp;sac.mercadopublico@itaipuparquetec.org.br | <a rel=\"noreferrer noopener\" href=\"https:\/\/mercadopublicobarrageiro.org.br\/\" target=\"_blank\">https:\/\/mercadopublicobarrageiro.org.br\/<\/a> | <a rel=\"noreferrer noopener\" href=\"https:\/\/www.facebook.com\/mercadopublicobarrageiro\/\" target=\"_blank\">https:\/\/www.facebook.com\/mercadopublicobarrageiro\/<\/a> | <a rel=\"noreferrer noopener\" href=\"https:\/\/www.instagram.com\/mercadopublicobarrageiro\/\" target=\"_blank\">https:\/\/www.instagram.com\/mercadopublicobarrageiro\/<\/a><\/p>\n\n\n\n<p><strong>Infraestrutura dispon\u00edvel: <\/strong>espa\u00e7os para exposi\u00e7\u00e3o, mostras de arte, oficinas gastron\u00f4micas, atividades educativas, apresentra\u00e7\u00f5es musicais e teatrais.<\/p>\n","protected":false},"excerpt":{"rendered":"<p>O Mercado P\u00fablico Barrageiro \u00e9 um espa\u00e7o p\u00fablico cultural, gastron\u00f4mico e social em Foz do Igua\u00e7u, no Paran\u00e1, pensado para ser ponto de encontro de moradores, turistas, artistas e pequenos empreendedores. Inaugurado em novembro de 2024 em um pr\u00e9dio revitalizado, o mercado re\u00fane em uma mesma \u00e1rea diversas op\u00e7\u00f5es de gastronomia, emp\u00f3rios, artesanato, produtos locais [&hellip;]<\/p>\n","protected":false},"author":2,"featured_media":0,"comment_status":"closed","ping_status":"closed","sticky":false,"template":"","format":"standard","meta":{"footnotes":""},"categories":[282,301],"tags":[],"class_list":["post-16885","post","type-post","status-publish","format-standard","hentry","category-agente-ou-espaco-cultural","category-espaco-cultural-privado"],"_links":{"self":[{"href":"https:\/\/divulga.unila.edu.br\/umapas\/index.php?rest_route=\/wp\/v2\/posts\/16885","targetHints":{"allow":["GET"]}}],"collection":[{"href":"https:\/\/divulga.unila.edu.br\/umapas\/index.php?rest_route=\/wp\/v2\/posts"}],"about":[{"href":"https:\/\/divulga.unila.edu.br\/umapas\/index.php?rest_route=\/wp\/v2\/types\/post"}],"author":[{"embeddable":true,"href":"https:\/\/divulga.unila.edu.br\/umapas\/index.php?rest_route=\/wp\/v2\/users\/2"}],"replies":[{"embeddable":true,"href":"https:\/\/divulga.unila.edu.br\/umapas\/index.php?rest_route=%2Fwp%2Fv2%2Fcomments&post=16885"}],"version-history":[{"count":3,"href":"https:\/\/divulga.unila.edu.br\/umapas\/index.php?rest_route=\/wp\/v2\/posts\/16885\/revisions"}],"predecessor-version":[{"id":17094,"href":"https:\/\/divulga.unila.edu.br\/umapas\/index.php?rest_route=\/wp\/v2\/posts\/16885\/revisions\/17094"}],"wp:attachment":[{"href":"https:\/\/divulga.unila.edu.br\/umapas\/index.php?rest_route=%2Fwp%2Fv2%2Fmedia&parent=16885"}],"wp:term":[{"taxonomy":"category","embeddable":true,"href":"https:\/\/divulga.unila.edu.br\/umapas\/index.php?rest_route=%2Fwp%2Fv2%2Fcategories&post=16885"},{"taxonomy":"post_tag","embeddable":true,"href":"https:\/\/divulga.unila.edu.br\/umapas\/index.php?rest_route=%2Fwp%2Fv2%2Ftags&post=16885"}],"curies":[{"name":"wp","href":"https:\/\/api.w.org\/{rel}","templated":true}]}}