{"id":16862,"date":"2026-02-23T14:50:58","date_gmt":"2026-02-23T17:50:58","guid":{"rendered":"https:\/\/divulga.unila.edu.br\/umapas\/?p=16862"},"modified":"2026-03-30T14:11:14","modified_gmt":"2026-03-30T17:11:14","slug":"sest-senat-foz-do-iguacu","status":"publish","type":"post","link":"https:\/\/divulga.unila.edu.br\/umapas\/?p=16862","title":{"rendered":"SEST\/SENAT Foz do Igua\u00e7u"},"content":{"rendered":"\n<p>O Servi\u00e7o Social do Transporte e Servi\u00e7o Nacional de Aprendizagem do Transporte (SEST SENAT) \u00e9 uma entidade civil sem fins lucrativos integrante do Sistema S, criada para apoiar o setor de transporte no Brasil. Trate-se de um espa\u00e7o que combina educa\u00e7\u00e3o profissional, apoio social e servi\u00e7os de promo\u00e7\u00e3o da sa\u00fade e qualidade de vida, com foco principal no setor de transporte, mas de alcance comunit\u00e1rio.<\/p>\n\n\n\n<p><strong>Endere\u00e7o: <\/strong>Rua Rufino Vilhordo, 155, Parque Presidente II, Foz do Igua\u00e7u, Paran\u00e1, Brasil. <strong>CEP:<\/strong> 85863-470.<\/p>\n\n\n\n<p><strong>Contato: <\/strong>+554535215200 |&nbsp;faleconosco@sestsenat.org.br | <a rel=\"noreferrer noopener\" href=\"https:\/\/www.sestsenat.org.br\/unidade\/fozdoiguacu\" target=\"_blank\">https:\/\/www.sestsenat.org.br\/unidade\/fozdoiguacu<\/a> | <a rel=\"noreferrer noopener\" href=\"https:\/\/www.facebook.com\/sestsenatbrasil\" target=\"_blank\">https:\/\/www.facebook.com\/sestsenatbrasil<\/a> | <a rel=\"noreferrer noopener\" href=\"https:\/\/www.instagram.com\/sestsenatparana\/\" target=\"_blank\">https:\/\/www.instagram.com\/sestsenatparana\/<\/a><\/p>\n\n\n\n<p><strong>Infraestrutura dispon\u00edvel: <\/strong>audit\u00f3rio, espa\u00e7os para exposi\u00e7\u00e3o e apresenta\u00e7\u00f5es, salas para proje\u00e7\u00e3o, oficinas e atividades educativas.<\/p>\n","protected":false},"excerpt":{"rendered":"<p>O Servi\u00e7o Social do Transporte e Servi\u00e7o Nacional de Aprendizagem do Transporte (SEST SENAT) \u00e9 uma entidade civil sem fins lucrativos integrante do Sistema S, criada para apoiar o setor de transporte no Brasil. Trate-se de um espa\u00e7o que combina educa\u00e7\u00e3o profissional, apoio social e servi\u00e7os de promo\u00e7\u00e3o da sa\u00fade e qualidade de vida, com [&hellip;]<\/p>\n","protected":false},"author":2,"featured_media":0,"comment_status":"closed","ping_status":"closed","sticky":false,"template":"","format":"standard","meta":{"footnotes":""},"categories":[282,292],"tags":[],"class_list":["post-16862","post","type-post","status-publish","format-standard","hentry","category-agente-ou-espaco-cultural","category-organizacao-sem-fins-lucrativos"],"_links":{"self":[{"href":"https:\/\/divulga.unila.edu.br\/umapas\/index.php?rest_route=\/wp\/v2\/posts\/16862","targetHints":{"allow":["GET"]}}],"collection":[{"href":"https:\/\/divulga.unila.edu.br\/umapas\/index.php?rest_route=\/wp\/v2\/posts"}],"about":[{"href":"https:\/\/divulga.unila.edu.br\/umapas\/index.php?rest_route=\/wp\/v2\/types\/post"}],"author":[{"embeddable":true,"href":"https:\/\/divulga.unila.edu.br\/umapas\/index.php?rest_route=\/wp\/v2\/users\/2"}],"replies":[{"embeddable":true,"href":"https:\/\/divulga.unila.edu.br\/umapas\/index.php?rest_route=%2Fwp%2Fv2%2Fcomments&post=16862"}],"version-history":[{"count":4,"href":"https:\/\/divulga.unila.edu.br\/umapas\/index.php?rest_route=\/wp\/v2\/posts\/16862\/revisions"}],"predecessor-version":[{"id":17101,"href":"https:\/\/divulga.unila.edu.br\/umapas\/index.php?rest_route=\/wp\/v2\/posts\/16862\/revisions\/17101"}],"wp:attachment":[{"href":"https:\/\/divulga.unila.edu.br\/umapas\/index.php?rest_route=%2Fwp%2Fv2%2Fmedia&parent=16862"}],"wp:term":[{"taxonomy":"category","embeddable":true,"href":"https:\/\/divulga.unila.edu.br\/umapas\/index.php?rest_route=%2Fwp%2Fv2%2Fcategories&post=16862"},{"taxonomy":"post_tag","embeddable":true,"href":"https:\/\/divulga.unila.edu.br\/umapas\/index.php?rest_route=%2Fwp%2Fv2%2Ftags&post=16862"}],"curies":[{"name":"wp","href":"https:\/\/api.w.org\/{rel}","templated":true}]}}