{"id":16853,"date":"2026-02-23T14:44:39","date_gmt":"2026-02-23T17:44:39","guid":{"rendered":"https:\/\/divulga.unila.edu.br\/umapas\/?p=16853"},"modified":"2026-03-30T14:11:22","modified_gmt":"2026-03-30T17:11:22","slug":"estacao-cultural-haroldo-alvarenga","status":"publish","type":"post","link":"https:\/\/divulga.unila.edu.br\/umapas\/?p=16853","title":{"rendered":"Esta\u00e7\u00e3o Cultural Haroldo Alvarenga"},"content":{"rendered":"\n<p>A Esta\u00e7\u00e3o Cultural Haroldo Alvarenga \u00e9 um espa\u00e7o cultural p\u00fablico localizado no centro de Foz do Igua\u00e7u (PR), instalado no pr\u00e9dio hist\u00f3rico da antiga C\u00e2mara de Vereadores, na Pra\u00e7a Get\u00falio Vargas. Inaugurada em 2024, a Esta\u00e7\u00e3o tem como objetivo promover, valorizar e difundir a produ\u00e7\u00e3o art\u00edstica e cultural do munic\u00edpio, oferecendo \u00e0 comunidade um local para exposi\u00e7\u00f5es, eventos culturais, atividades educativas, oficinas e a\u00e7\u00f5es de forma\u00e7\u00e3o art\u00edstica. O espa\u00e7o integra a pol\u00edtica cultural do munic\u00edpio e funciona como um ponto de encontro entre artistas e a popula\u00e7\u00e3o, fortalecendo o acesso \u00e0 cultura e \u00e0 mem\u00f3ria local. Seu nome homenageia Haroldo Alvarenga, artista pl\u00e1stico, m\u00fasico e compositor que teve papel fundamental na constru\u00e7\u00e3o da identidade cultural de Foz do Igua\u00e7u, deixando um legado importante nas artes visuais e na m\u00fasica da cidade.\n<\/p>\n\n\n\n<p><strong>Endere\u00e7o: <\/strong>Avenida Jorge Schimmelpfeng, 62, Centro, Foz do Igua\u00e7u, Paran\u00e1, Brasil. <strong>CEP:<\/strong> 85853-716.<\/p>\n\n\n\n<p><strong>Contato: <\/strong>+554535211511 |&nbsp;setorculturalfcfi@gmail.com | <a rel=\"noreferrer noopener\" href=\"https:\/\/culturafoz.pmfi.pr.gov.br\/#\/site\/pagina\/institucional\" target=\"_blank\">https:\/\/culturafoz.pmfi.pr.gov.br\/#\/site\/pagina\/institucional<\/a> | <a rel=\"noreferrer noopener\" href=\"https:\/\/www.facebook.com\/CulturalFoz\" target=\"_blank\">https:\/\/www.facebook.com\/CulturalFoz<\/a> | <a rel=\"noreferrer noopener\" href=\"https:\/\/www.instagram.com\/culturalfoz\/\" target=\"_blank\">https:\/\/www.instagram.com\/culturalfoz\/<\/a><\/p>\n\n\n\n<p><strong>Infraestrutura dispon\u00edvel: <\/strong>audit\u00f3rio, espa\u00e7os para exposi\u00e7\u00e3o e apresenta\u00e7\u00f5es, \u00e1reas para oficinas e atividades educativas.<\/p>\n","protected":false},"excerpt":{"rendered":"<p>A Esta\u00e7\u00e3o Cultural Haroldo Alvarenga \u00e9 um espa\u00e7o cultural p\u00fablico localizado no centro de Foz do Igua\u00e7u (PR), instalado no pr\u00e9dio hist\u00f3rico da antiga C\u00e2mara de Vereadores, na Pra\u00e7a Get\u00falio Vargas. Inaugurada em 2024, a Esta\u00e7\u00e3o tem como objetivo promover, valorizar e difundir a produ\u00e7\u00e3o art\u00edstica e cultural do munic\u00edpio, oferecendo \u00e0 comunidade um local [&hellip;]<\/p>\n","protected":false},"author":2,"featured_media":0,"comment_status":"closed","ping_status":"closed","sticky":false,"template":"","format":"standard","meta":{"footnotes":""},"categories":[282,289],"tags":[],"class_list":["post-16853","post","type-post","status-publish","format-standard","hentry","category-agente-ou-espaco-cultural","category-espaco-cultural-municipal"],"_links":{"self":[{"href":"https:\/\/divulga.unila.edu.br\/umapas\/index.php?rest_route=\/wp\/v2\/posts\/16853","targetHints":{"allow":["GET"]}}],"collection":[{"href":"https:\/\/divulga.unila.edu.br\/umapas\/index.php?rest_route=\/wp\/v2\/posts"}],"about":[{"href":"https:\/\/divulga.unila.edu.br\/umapas\/index.php?rest_route=\/wp\/v2\/types\/post"}],"author":[{"embeddable":true,"href":"https:\/\/divulga.unila.edu.br\/umapas\/index.php?rest_route=\/wp\/v2\/users\/2"}],"replies":[{"embeddable":true,"href":"https:\/\/divulga.unila.edu.br\/umapas\/index.php?rest_route=%2Fwp%2Fv2%2Fcomments&post=16853"}],"version-history":[{"count":5,"href":"https:\/\/divulga.unila.edu.br\/umapas\/index.php?rest_route=\/wp\/v2\/posts\/16853\/revisions"}],"predecessor-version":[{"id":17104,"href":"https:\/\/divulga.unila.edu.br\/umapas\/index.php?rest_route=\/wp\/v2\/posts\/16853\/revisions\/17104"}],"wp:attachment":[{"href":"https:\/\/divulga.unila.edu.br\/umapas\/index.php?rest_route=%2Fwp%2Fv2%2Fmedia&parent=16853"}],"wp:term":[{"taxonomy":"category","embeddable":true,"href":"https:\/\/divulga.unila.edu.br\/umapas\/index.php?rest_route=%2Fwp%2Fv2%2Fcategories&post=16853"},{"taxonomy":"post_tag","embeddable":true,"href":"https:\/\/divulga.unila.edu.br\/umapas\/index.php?rest_route=%2Fwp%2Fv2%2Ftags&post=16853"}],"curies":[{"name":"wp","href":"https:\/\/api.w.org\/{rel}","templated":true}]}}