{"id":16847,"date":"2026-02-23T14:28:36","date_gmt":"2026-02-23T17:28:36","guid":{"rendered":"https:\/\/divulga.unila.edu.br\/umapas\/?p=16847"},"modified":"2026-03-30T14:11:36","modified_gmt":"2026-03-30T17:11:36","slug":"sesc-foz-do-iguacu-2","status":"publish","type":"post","link":"https:\/\/divulga.unila.edu.br\/umapas\/?p=16847","title":{"rendered":"SESC Foz do Igua\u00e7u"},"content":{"rendered":"\n<p>O Sesc \u2013 Servi\u00e7o Social do Com\u00e9rcio nasceu do esfor\u00e7o da iniciativa privada interessada em promover o bem-estar social e a melhoria da qualidade de vida dos comerci\u00e1rios, funcion\u00e1rios das empresas que atuam na \u00e1rea do com\u00e9rcio de bens, servi\u00e7os e turismo, e de seus familiares. O Sesc \u00e9 uma institui\u00e7\u00e3o de car\u00e1ter privado, sem fins lucrativos, mantida e administrada por empres\u00e1rios do com\u00e9rcio.<\/p>\n\n\n\n<p><strong>Endere\u00e7o: <\/strong>Avenida Tancredo Neves, 222, Vila A, Foz do Igua\u00e7u, Paran\u00e1, Brasil. <strong>CEP:<\/strong> 85867-633.<\/p>\n\n\n\n<p><strong>Contato: <\/strong>+554535761300  |&nbsp;relacionamento.foz@sescpr.com.br | <a rel=\"noreferrer noopener\" href=\"https:\/\/www.sescpr.com.br\/unidade\/sesc-foz-do-iguacu\/\" target=\"_blank\">https:\/\/www.sescpr.com.br\/unidade\/sesc-foz-do-iguacu\/<\/a> | <a rel=\"noreferrer noopener\" href=\"https:\/\/www.facebook.com\/sescpr\/\" target=\"_blank\">https:\/\/www.facebook.com\/sescpr\/<\/a> | <a rel=\"noreferrer noopener\" href=\"https:\/\/www.instagram.com\/sesc_pr\/\" target=\"_blank\">https:\/\/www.instagram.com\/sesc_pr\/<\/a><\/p>\n\n\n\n<p><strong>Infraestrutura dispon\u00edvel: <\/strong>audit\u00f3rio, salas, laborat\u00f3rio de inform\u00e1tica, espa\u00e7os para exposi\u00e7\u00e3o, quadra poliesportiva coberta.<\/p>\n","protected":false},"excerpt":{"rendered":"<p>O Sesc \u2013 Servi\u00e7o Social do Com\u00e9rcio nasceu do esfor\u00e7o da iniciativa privada interessada em promover o bem-estar social e a melhoria da qualidade de vida dos comerci\u00e1rios, funcion\u00e1rios das empresas que atuam na \u00e1rea do com\u00e9rcio de bens, servi\u00e7os e turismo, e de seus familiares. O Sesc \u00e9 uma institui\u00e7\u00e3o de car\u00e1ter privado, sem [&hellip;]<\/p>\n","protected":false},"author":2,"featured_media":0,"comment_status":"closed","ping_status":"closed","sticky":false,"template":"","format":"standard","meta":{"footnotes":""},"categories":[282,292],"tags":[],"class_list":["post-16847","post","type-post","status-publish","format-standard","hentry","category-agente-ou-espaco-cultural","category-organizacao-sem-fins-lucrativos"],"_links":{"self":[{"href":"https:\/\/divulga.unila.edu.br\/umapas\/index.php?rest_route=\/wp\/v2\/posts\/16847","targetHints":{"allow":["GET"]}}],"collection":[{"href":"https:\/\/divulga.unila.edu.br\/umapas\/index.php?rest_route=\/wp\/v2\/posts"}],"about":[{"href":"https:\/\/divulga.unila.edu.br\/umapas\/index.php?rest_route=\/wp\/v2\/types\/post"}],"author":[{"embeddable":true,"href":"https:\/\/divulga.unila.edu.br\/umapas\/index.php?rest_route=\/wp\/v2\/users\/2"}],"replies":[{"embeddable":true,"href":"https:\/\/divulga.unila.edu.br\/umapas\/index.php?rest_route=%2Fwp%2Fv2%2Fcomments&post=16847"}],"version-history":[{"count":5,"href":"https:\/\/divulga.unila.edu.br\/umapas\/index.php?rest_route=\/wp\/v2\/posts\/16847\/revisions"}],"predecessor-version":[{"id":17107,"href":"https:\/\/divulga.unila.edu.br\/umapas\/index.php?rest_route=\/wp\/v2\/posts\/16847\/revisions\/17107"}],"wp:attachment":[{"href":"https:\/\/divulga.unila.edu.br\/umapas\/index.php?rest_route=%2Fwp%2Fv2%2Fmedia&parent=16847"}],"wp:term":[{"taxonomy":"category","embeddable":true,"href":"https:\/\/divulga.unila.edu.br\/umapas\/index.php?rest_route=%2Fwp%2Fv2%2Fcategories&post=16847"},{"taxonomy":"post_tag","embeddable":true,"href":"https:\/\/divulga.unila.edu.br\/umapas\/index.php?rest_route=%2Fwp%2Fv2%2Ftags&post=16847"}],"curies":[{"name":"wp","href":"https:\/\/api.w.org\/{rel}","templated":true}]}}