{"id":16791,"date":"2026-02-13T18:37:38","date_gmt":"2026-02-13T21:37:38","guid":{"rendered":"https:\/\/divulga.unila.edu.br\/umapas\/?p=16791"},"modified":"2026-02-13T18:37:39","modified_gmt":"2026-02-13T21:37:39","slug":"la-violencia-en-el-espacio-2","status":"publish","type":"post","link":"https:\/\/divulga.unila.edu.br\/umapas\/?p=16791","title":{"rendered":"La Violencia en el Espacio"},"content":{"rendered":"\n<p><strong>Realizador(a):<\/strong> UNILA &#8211; Pr\u00f3-Reitoria de Extens\u00e3o, La Violencia en el Espacio e UNIOESTE &#8211; Campus Marechal C\u00e2ndido Rondon\n<\/p>\n<p><strong>In\u00edcio:<\/strong> 21\/10\/25 | <strong>T\u00e9rmino:<\/strong> 14\/11\/25<\/p>\n<p><strong>Atividades desenvolvidas:<\/strong> \u201cLa Violencia en el Espacio\u201d \u00e9 uma exposi\u00e7\u00e3o coordenada por Pamela Colombo e Carlos Salamanca, apresentada no Festival de Culturas (FeCult) 2025. A mostra reflete sobre como a arquitetura pode ser usada como instrumento de domina\u00e7\u00e3o e opress\u00e3o, mas tamb\u00e9m de resist\u00eancia e emancipa\u00e7\u00e3o popular.<\/p>\n<p><strong>Local de realiza\u00e7\u00e3o:<\/strong> UNIOESTE &#8211; Campus Marechal C\u00e2ndido Rondon, Rua Pernambuco, 1777, Centro, Marechal C\u00e2ndido Rondon, Paran\u00e1 &#8211; Brasil.<\/p>\n<p><strong>Para mais informa\u00e7\u00f5es, acesse:<\/strong> <a href=\"https:\/\/www.instagram.com\/p\/DQblXbkjloE\/?img_index=1\" target=\"_blank\" rel=\"noopener\">https:\/\/www.instagram.com\/p\/DQblXbkjloE\/?img_index=1<\/a><\/p>\n\n","protected":false},"excerpt":{"rendered":"<p>Realizador(a): UNILA &#8211; Pr\u00f3-Reitoria de Extens\u00e3o, La Violencia en el Espacio e UNIOESTE &#8211; Campus Marechal C\u00e2ndido Rondon In\u00edcio: 21\/10\/25 | T\u00e9rmino: 14\/11\/25 Atividades desenvolvidas: \u201cLa Violencia en el Espacio\u201d \u00e9 uma exposi\u00e7\u00e3o coordenada por Pamela Colombo e Carlos Salamanca, apresentada no Festival de Culturas (FeCult) 2025. A mostra reflete sobre como a arquitetura pode [&hellip;]<\/p>\n","protected":false},"author":2,"featured_media":0,"comment_status":"closed","ping_status":"closed","sticky":false,"template":"","format":"standard","meta":{"footnotes":""},"categories":[260,272],"tags":[],"class_list":["post-16791","post","type-post","status-publish","format-standard","hentry","category-acao-cultural","category-exposicao"],"_links":{"self":[{"href":"https:\/\/divulga.unila.edu.br\/umapas\/index.php?rest_route=\/wp\/v2\/posts\/16791","targetHints":{"allow":["GET"]}}],"collection":[{"href":"https:\/\/divulga.unila.edu.br\/umapas\/index.php?rest_route=\/wp\/v2\/posts"}],"about":[{"href":"https:\/\/divulga.unila.edu.br\/umapas\/index.php?rest_route=\/wp\/v2\/types\/post"}],"author":[{"embeddable":true,"href":"https:\/\/divulga.unila.edu.br\/umapas\/index.php?rest_route=\/wp\/v2\/users\/2"}],"replies":[{"embeddable":true,"href":"https:\/\/divulga.unila.edu.br\/umapas\/index.php?rest_route=%2Fwp%2Fv2%2Fcomments&post=16791"}],"version-history":[{"count":1,"href":"https:\/\/divulga.unila.edu.br\/umapas\/index.php?rest_route=\/wp\/v2\/posts\/16791\/revisions"}],"predecessor-version":[{"id":16819,"href":"https:\/\/divulga.unila.edu.br\/umapas\/index.php?rest_route=\/wp\/v2\/posts\/16791\/revisions\/16819"}],"wp:attachment":[{"href":"https:\/\/divulga.unila.edu.br\/umapas\/index.php?rest_route=%2Fwp%2Fv2%2Fmedia&parent=16791"}],"wp:term":[{"taxonomy":"category","embeddable":true,"href":"https:\/\/divulga.unila.edu.br\/umapas\/index.php?rest_route=%2Fwp%2Fv2%2Fcategories&post=16791"},{"taxonomy":"post_tag","embeddable":true,"href":"https:\/\/divulga.unila.edu.br\/umapas\/index.php?rest_route=%2Fwp%2Fv2%2Ftags&post=16791"}],"curies":[{"name":"wp","href":"https:\/\/api.w.org\/{rel}","templated":true}]}}