{"id":16789,"date":"2026-02-13T18:35:57","date_gmt":"2026-02-13T21:35:57","guid":{"rendered":"https:\/\/divulga.unila.edu.br\/umapas\/?p=16789"},"modified":"2026-02-13T18:35:59","modified_gmt":"2026-02-13T21:35:59","slug":"peru-arquitetura-e-cultura-4","status":"publish","type":"post","link":"https:\/\/divulga.unila.edu.br\/umapas\/?p=16789","title":{"rendered":"PERU \u2013 Arquitetura e Cultura"},"content":{"rendered":"\n<p><strong>Realizador(a):<\/strong> UNILA &#8211; Pr\u00f3-Reitoria de Extens\u00e3o, Galeria Verarte e Museu Hist\u00f3rico Willy Barth<\/p>\n<p><strong>In\u00edcio:<\/strong> 30\/10\/25 | <strong>T\u00e9rmino:<\/strong> 07\/12\/25<\/p>\n<p><strong>Atividades desenvolvidas:<\/strong> A exposi\u00e7\u00e3o, composta por 15 pain\u00e9is fotogr\u00e1ficos, apresenta uma imers\u00e3o visual na riqueza do Peru, destacando suas arquitetura inca e colonial, belezas naturais e diversidade cultural. Por meio das imagens, Hern\u00e1ndez retrata locais como Machu Picchu, o Vale Sagrado, a Plaza de Armas de Cusco, entre outros t\u00e3o emblem\u00e1ticos do Pa\u00eds. Al\u00e9m da paisagem, a exposi\u00e7\u00e3o valoriza os saberes ancestrais dos povos origin\u00e1rios, com \u00eanfase nas tradi\u00e7\u00f5es t\u00eaxteis, nas celebra\u00e7\u00f5es, na m\u00fasica e dan\u00e7a t\u00edpicas. A exposi\u00e7\u00e3o refor\u00e7a a conex\u00e3o entre patrim\u00f4nio hist\u00f3rico, natureza e as tradi\u00e7\u00f5es vivas dos povos andinos.<\/p>\n<p><strong>Local de realiza\u00e7\u00e3o:<\/strong> Museu Hist\u00f3rico Willy Barth, Rua Guarani, 3843, Vila Becker, Toledo, Paran\u00e1 &#8211; Brasil.<\/p>\n<p><strong>Para mais informa\u00e7\u00f5es, acesse:<\/strong> <a href=\"https:\/\/www.instagram.com\/p\/DQUxKziktkJ\/\" target=\"_blank\" rel=\"noopener\">https:\/\/www.instagram.com\/p\/DQUxKziktkJ\/<\/a><\/p>\n\n","protected":false},"excerpt":{"rendered":"<p>Realizador(a): UNILA &#8211; Pr\u00f3-Reitoria de Extens\u00e3o, Galeria Verarte e Museu Hist\u00f3rico Willy Barth In\u00edcio: 30\/10\/25 | T\u00e9rmino: 07\/12\/25 Atividades desenvolvidas: A exposi\u00e7\u00e3o, composta por 15 pain\u00e9is fotogr\u00e1ficos, apresenta uma imers\u00e3o visual na riqueza do Peru, destacando suas arquitetura inca e colonial, belezas naturais e diversidade cultural. Por meio das imagens, Hern\u00e1ndez retrata locais como Machu [&hellip;]<\/p>\n","protected":false},"author":2,"featured_media":0,"comment_status":"closed","ping_status":"closed","sticky":false,"template":"","format":"standard","meta":{"footnotes":""},"categories":[260,272],"tags":[],"class_list":["post-16789","post","type-post","status-publish","format-standard","hentry","category-acao-cultural","category-exposicao"],"_links":{"self":[{"href":"https:\/\/divulga.unila.edu.br\/umapas\/index.php?rest_route=\/wp\/v2\/posts\/16789","targetHints":{"allow":["GET"]}}],"collection":[{"href":"https:\/\/divulga.unila.edu.br\/umapas\/index.php?rest_route=\/wp\/v2\/posts"}],"about":[{"href":"https:\/\/divulga.unila.edu.br\/umapas\/index.php?rest_route=\/wp\/v2\/types\/post"}],"author":[{"embeddable":true,"href":"https:\/\/divulga.unila.edu.br\/umapas\/index.php?rest_route=\/wp\/v2\/users\/2"}],"replies":[{"embeddable":true,"href":"https:\/\/divulga.unila.edu.br\/umapas\/index.php?rest_route=%2Fwp%2Fv2%2Fcomments&post=16789"}],"version-history":[{"count":1,"href":"https:\/\/divulga.unila.edu.br\/umapas\/index.php?rest_route=\/wp\/v2\/posts\/16789\/revisions"}],"predecessor-version":[{"id":16818,"href":"https:\/\/divulga.unila.edu.br\/umapas\/index.php?rest_route=\/wp\/v2\/posts\/16789\/revisions\/16818"}],"wp:attachment":[{"href":"https:\/\/divulga.unila.edu.br\/umapas\/index.php?rest_route=%2Fwp%2Fv2%2Fmedia&parent=16789"}],"wp:term":[{"taxonomy":"category","embeddable":true,"href":"https:\/\/divulga.unila.edu.br\/umapas\/index.php?rest_route=%2Fwp%2Fv2%2Fcategories&post=16789"},{"taxonomy":"post_tag","embeddable":true,"href":"https:\/\/divulga.unila.edu.br\/umapas\/index.php?rest_route=%2Fwp%2Fv2%2Ftags&post=16789"}],"curies":[{"name":"wp","href":"https:\/\/api.w.org\/{rel}","templated":true}]}}