{"id":16788,"date":"2026-02-13T18:34:19","date_gmt":"2026-02-13T21:34:19","guid":{"rendered":"https:\/\/divulga.unila.edu.br\/umapas\/?p=16788"},"modified":"2026-02-13T18:34:21","modified_gmt":"2026-02-13T21:34:21","slug":"teatro-do-oprimido","status":"publish","type":"post","link":"https:\/\/divulga.unila.edu.br\/umapas\/?p=16788","title":{"rendered":"Teatro do Oprimido"},"content":{"rendered":"\n<p><strong>Realizador(a):<\/strong> Cote&#8217;Coi &#8211; Coletivo Teatral e Grupo de Teatro Universit\u00e1rio da UNILA e Cidade Nova Informa &#8211; CNI<\/p>\n<p><strong>In\u00edcio:<\/strong> 29\/10\/25 | <strong>T\u00e9rmino:<\/strong> 10\/12\/25<\/p>\n<p><strong>Atividades desenvolvidas:<\/strong> Tendo como pressuposto o teatro como pr\u00e1tica social, o curso caracteriza-se como uma importante ferramenta de reflex\u00e3o. A partir da dramatiza\u00e7\u00e3o de situa\u00e7\u00f5es reais de opress\u00e3o, torna-se poss\u00edvel apresent\u00e1-las ao p\u00fablico de modo cr\u00edtico, promovendo a discuss\u00e3o coletiva sobre essas experi\u00eancias. Essa abordagem permite que a audi\u00eancia analise formas de contornar, enfrentar ou lidar com diferentes opress\u00f5es da vida cotidiana em suas m\u00faltiplas esferas.<\/p>\n<p><strong>Local de realiza\u00e7\u00e3o:<\/strong> Biblioteca CNI, Rua El\u00f3i Armando Nedel, 1332, Cidade Nova II, Foz do Igua\u00e7u, Paran\u00e1 &#8211; Brasil.<\/p>\n<p><strong>Para mais informa\u00e7\u00f5es, acesse:<\/strong> <a href=\"https:\/\/www.instagram.com\/p\/DQPj4n2D7Uj\/\" target=\"_blank\" rel=\"noopener\">https:\/\/www.instagram.com\/p\/DQPj4n2D7Uj\/<\/a><\/p>\n\n","protected":false},"excerpt":{"rendered":"<p>Realizador(a): Cote&#8217;Coi &#8211; Coletivo Teatral e Grupo de Teatro Universit\u00e1rio da UNILA e Cidade Nova Informa &#8211; CNI In\u00edcio: 29\/10\/25 | T\u00e9rmino: 10\/12\/25 Atividades desenvolvidas: Tendo como pressuposto o teatro como pr\u00e1tica social, o curso caracteriza-se como uma importante ferramenta de reflex\u00e3o. A partir da dramatiza\u00e7\u00e3o de situa\u00e7\u00f5es reais de opress\u00e3o, torna-se poss\u00edvel apresent\u00e1-las ao [&hellip;]<\/p>\n","protected":false},"author":2,"featured_media":0,"comment_status":"closed","ping_status":"closed","sticky":false,"template":"","format":"standard","meta":{"footnotes":""},"categories":[260,278],"tags":[],"class_list":["post-16788","post","type-post","status-publish","format-standard","hentry","category-acao-cultural","category-curso-tipo-acao-cultural"],"_links":{"self":[{"href":"https:\/\/divulga.unila.edu.br\/umapas\/index.php?rest_route=\/wp\/v2\/posts\/16788","targetHints":{"allow":["GET"]}}],"collection":[{"href":"https:\/\/divulga.unila.edu.br\/umapas\/index.php?rest_route=\/wp\/v2\/posts"}],"about":[{"href":"https:\/\/divulga.unila.edu.br\/umapas\/index.php?rest_route=\/wp\/v2\/types\/post"}],"author":[{"embeddable":true,"href":"https:\/\/divulga.unila.edu.br\/umapas\/index.php?rest_route=\/wp\/v2\/users\/2"}],"replies":[{"embeddable":true,"href":"https:\/\/divulga.unila.edu.br\/umapas\/index.php?rest_route=%2Fwp%2Fv2%2Fcomments&post=16788"}],"version-history":[{"count":1,"href":"https:\/\/divulga.unila.edu.br\/umapas\/index.php?rest_route=\/wp\/v2\/posts\/16788\/revisions"}],"predecessor-version":[{"id":16815,"href":"https:\/\/divulga.unila.edu.br\/umapas\/index.php?rest_route=\/wp\/v2\/posts\/16788\/revisions\/16815"}],"wp:attachment":[{"href":"https:\/\/divulga.unila.edu.br\/umapas\/index.php?rest_route=%2Fwp%2Fv2%2Fmedia&parent=16788"}],"wp:term":[{"taxonomy":"category","embeddable":true,"href":"https:\/\/divulga.unila.edu.br\/umapas\/index.php?rest_route=%2Fwp%2Fv2%2Fcategories&post=16788"},{"taxonomy":"post_tag","embeddable":true,"href":"https:\/\/divulga.unila.edu.br\/umapas\/index.php?rest_route=%2Fwp%2Fv2%2Ftags&post=16788"}],"curies":[{"name":"wp","href":"https:\/\/api.w.org\/{rel}","templated":true}]}}