{"id":16786,"date":"2026-02-13T18:31:43","date_gmt":"2026-02-13T21:31:43","guid":{"rendered":"https:\/\/divulga.unila.edu.br\/umapas\/?p=16786"},"modified":"2026-02-13T18:32:07","modified_gmt":"2026-02-13T21:32:07","slug":"oficina-de-teatro-declamar-o-eu","status":"publish","type":"post","link":"https:\/\/divulga.unila.edu.br\/umapas\/?p=16786","title":{"rendered":"Oficina de Teatro Declamar o Eu"},"content":{"rendered":"\n<p><strong>Realizador(a):<\/strong> Cote&#8217;Coi &#8211; Coletivo Teatral e Grupo de Teatro Universit\u00e1rio da UNILA<\/p>\n\n\n\n<p><strong>In\u00edcio:<\/strong> 23\/10\/25 | <strong>T\u00e9rmino:<\/strong> 20\/11\/25<\/p>\n\n\n\n<p><strong>Atividades desenvolvidas:<\/strong> A oficina busca &#8220;abrir espacios para las subjetividades, mem\u00f3rias e identidades, transformalas en mat\u00e9ria performativa y potencias c\u00eanicas&#8221;.<\/p>\n\n\n\n<p><strong>Local de realiza\u00e7\u00e3o:<\/strong> UNILA &#8211; Campus Jardim Universit\u00e1rio, Avenida Tarqu\u00ednio Joslin dos Santos, 1000, Loteamento Universit\u00e1rio das Am\u00e9ricas, Foz do Igua\u00e7u, Paran\u00e1 &#8211; Brasil.<\/p>\n\n\n\n<p><strong>Para mais informa\u00e7\u00f5es, acesse:<\/strong> n\u00e3o possui<\/p>\n","protected":false},"excerpt":{"rendered":"<p>Realizador(a): Cote&#8217;Coi &#8211; Coletivo Teatral e Grupo de Teatro Universit\u00e1rio da UNILA In\u00edcio: 23\/10\/25 | T\u00e9rmino: 20\/11\/25 Atividades desenvolvidas: A oficina busca &#8220;abrir espacios para las subjetividades, mem\u00f3rias e identidades, transformalas en mat\u00e9ria performativa y potencias c\u00eanicas&#8221;. Local de realiza\u00e7\u00e3o: UNILA &#8211; Campus Jardim Universit\u00e1rio, Avenida Tarqu\u00ednio Joslin dos Santos, 1000, Loteamento Universit\u00e1rio das Am\u00e9ricas, [&hellip;]<\/p>\n","protected":false},"author":2,"featured_media":0,"comment_status":"closed","ping_status":"closed","sticky":false,"template":"","format":"standard","meta":{"footnotes":""},"categories":[260,266],"tags":[],"class_list":["post-16786","post","type-post","status-publish","format-standard","hentry","category-acao-cultural","category-oficina"],"_links":{"self":[{"href":"https:\/\/divulga.unila.edu.br\/umapas\/index.php?rest_route=\/wp\/v2\/posts\/16786","targetHints":{"allow":["GET"]}}],"collection":[{"href":"https:\/\/divulga.unila.edu.br\/umapas\/index.php?rest_route=\/wp\/v2\/posts"}],"about":[{"href":"https:\/\/divulga.unila.edu.br\/umapas\/index.php?rest_route=\/wp\/v2\/types\/post"}],"author":[{"embeddable":true,"href":"https:\/\/divulga.unila.edu.br\/umapas\/index.php?rest_route=\/wp\/v2\/users\/2"}],"replies":[{"embeddable":true,"href":"https:\/\/divulga.unila.edu.br\/umapas\/index.php?rest_route=%2Fwp%2Fv2%2Fcomments&post=16786"}],"version-history":[{"count":2,"href":"https:\/\/divulga.unila.edu.br\/umapas\/index.php?rest_route=\/wp\/v2\/posts\/16786\/revisions"}],"predecessor-version":[{"id":16812,"href":"https:\/\/divulga.unila.edu.br\/umapas\/index.php?rest_route=\/wp\/v2\/posts\/16786\/revisions\/16812"}],"wp:attachment":[{"href":"https:\/\/divulga.unila.edu.br\/umapas\/index.php?rest_route=%2Fwp%2Fv2%2Fmedia&parent=16786"}],"wp:term":[{"taxonomy":"category","embeddable":true,"href":"https:\/\/divulga.unila.edu.br\/umapas\/index.php?rest_route=%2Fwp%2Fv2%2Fcategories&post=16786"},{"taxonomy":"post_tag","embeddable":true,"href":"https:\/\/divulga.unila.edu.br\/umapas\/index.php?rest_route=%2Fwp%2Fv2%2Ftags&post=16786"}],"curies":[{"name":"wp","href":"https:\/\/api.w.org\/{rel}","templated":true}]}}