{"id":16783,"date":"2026-02-13T18:27:40","date_gmt":"2026-02-13T21:27:40","guid":{"rendered":"https:\/\/divulga.unila.edu.br\/umapas\/?p=16783"},"modified":"2026-02-13T18:27:42","modified_gmt":"2026-02-13T21:27:42","slug":"uniludica-aprenda-brincando","status":"publish","type":"post","link":"https:\/\/divulga.unila.edu.br\/umapas\/?p=16783","title":{"rendered":"UNIL\u00daDICA: aprenda brincando"},"content":{"rendered":"\n<p><strong>Realizador(a):<\/strong> UNILA &#8211; Pr\u00f3-Reitoria de Extens\u00e3o<\/p>\n<p><strong>In\u00edcio:<\/strong> 12\/10\/25 | <strong>T\u00e9rmino:<\/strong> 12\/10\/25<\/p>\n<p><strong>Atividades desenvolvidas:<\/strong> Evento com atividades l\u00fadicas e educativas em celebra\u00e7\u00e3o ao Dia das Crian\u00e7as.<\/p>\n<p><strong>Local de realiza\u00e7\u00e3o:<\/strong> Mercado P\u00fablico Barrageiro, Avenida Arauc\u00e1ria, 140, Vila A, Foz do Igua\u00e7u, Paran\u00e1 &#8211; Brasil.<\/p>\n<p><strong>Para mais informa\u00e7\u00f5es, acesse:<\/strong> <a href=\"https:\/\/www.instagram.com\/p\/DPhKQ3Zieo5\/\" target=\"_blank\" rel=\"noopener\">https:\/\/www.instagram.com\/p\/DPhKQ3Zieo5\/<\/a><\/p>\n\n","protected":false},"excerpt":{"rendered":"<p>Realizador(a): UNILA &#8211; Pr\u00f3-Reitoria de Extens\u00e3o In\u00edcio: 12\/10\/25 | T\u00e9rmino: 12\/10\/25 Atividades desenvolvidas: Evento com atividades l\u00fadicas e educativas em celebra\u00e7\u00e3o ao Dia das Crian\u00e7as. Local de realiza\u00e7\u00e3o: Mercado P\u00fablico Barrageiro, Avenida Arauc\u00e1ria, 140, Vila A, Foz do Igua\u00e7u, Paran\u00e1 &#8211; Brasil. Para mais informa\u00e7\u00f5es, acesse: https:\/\/www.instagram.com\/p\/DPhKQ3Zieo5\/<\/p>\n","protected":false},"author":2,"featured_media":0,"comment_status":"closed","ping_status":"closed","sticky":false,"template":"","format":"standard","meta":{"footnotes":""},"categories":[260,277],"tags":[],"class_list":["post-16783","post","type-post","status-publish","format-standard","hentry","category-acao-cultural","category-evento-tipo-acao-cultural"],"_links":{"self":[{"href":"https:\/\/divulga.unila.edu.br\/umapas\/index.php?rest_route=\/wp\/v2\/posts\/16783","targetHints":{"allow":["GET"]}}],"collection":[{"href":"https:\/\/divulga.unila.edu.br\/umapas\/index.php?rest_route=\/wp\/v2\/posts"}],"about":[{"href":"https:\/\/divulga.unila.edu.br\/umapas\/index.php?rest_route=\/wp\/v2\/types\/post"}],"author":[{"embeddable":true,"href":"https:\/\/divulga.unila.edu.br\/umapas\/index.php?rest_route=\/wp\/v2\/users\/2"}],"replies":[{"embeddable":true,"href":"https:\/\/divulga.unila.edu.br\/umapas\/index.php?rest_route=%2Fwp%2Fv2%2Fcomments&post=16783"}],"version-history":[{"count":1,"href":"https:\/\/divulga.unila.edu.br\/umapas\/index.php?rest_route=\/wp\/v2\/posts\/16783\/revisions"}],"predecessor-version":[{"id":16806,"href":"https:\/\/divulga.unila.edu.br\/umapas\/index.php?rest_route=\/wp\/v2\/posts\/16783\/revisions\/16806"}],"wp:attachment":[{"href":"https:\/\/divulga.unila.edu.br\/umapas\/index.php?rest_route=%2Fwp%2Fv2%2Fmedia&parent=16783"}],"wp:term":[{"taxonomy":"category","embeddable":true,"href":"https:\/\/divulga.unila.edu.br\/umapas\/index.php?rest_route=%2Fwp%2Fv2%2Fcategories&post=16783"},{"taxonomy":"post_tag","embeddable":true,"href":"https:\/\/divulga.unila.edu.br\/umapas\/index.php?rest_route=%2Fwp%2Fv2%2Ftags&post=16783"}],"curies":[{"name":"wp","href":"https:\/\/api.w.org\/{rel}","templated":true}]}}