{"id":16746,"date":"2026-02-13T17:01:38","date_gmt":"2026-02-13T20:01:38","guid":{"rendered":"https:\/\/divulga.unila.edu.br\/umapas\/?p=16746"},"modified":"2026-02-13T17:01:40","modified_gmt":"2026-02-13T20:01:40","slug":"festival-de-culturas-da-unila-8","status":"publish","type":"post","link":"https:\/\/divulga.unila.edu.br\/umapas\/?p=16746","title":{"rendered":"Festival de Culturas da UNILA"},"content":{"rendered":"\n<p><strong>Realizador(a):<\/strong> UNILA &#8211; Pr\u00f3-Reitoria de Extens\u00e3o<\/p>\n<p><strong>In\u00edcio:<\/strong> 10\/09\/25 | <strong>T\u00e9rmino:<\/strong> 14\/09\/25<\/p>\n<p><strong>Atividades desenvolvidas:<\/strong> Com o tema \u201cArte, Ci\u00eancia e Territ\u00f3rio \u2013 Por uma Cultura Sustent\u00e1vel\u201d, o Festival de Culturas da UNILA celebrou os 15 anos da institui\u00e7\u00e3o, reunindo mais de 50 atra\u00e7\u00f5es art\u00edsticas e acad\u00eamicas em diversos espa\u00e7os da cidade e nos campi da Universidade. O evento teve como objetivo promover o encontro entre a comunidade acad\u00eamica e o p\u00fablico externo, valorizando a diversidade cultural latino-americana e caribenha e estimulando reflex\u00f5es sobre sustentabilidade, meio ambiente e justi\u00e7a social. A programa\u00e7\u00e3o incluiu apresenta\u00e7\u00f5es de teatro, m\u00fasica, dan\u00e7a, cinema, exposi\u00e7\u00f5es e oficinas, destacando-se a presen\u00e7a da dramaturga Denise Stoklos com o espet\u00e1culo \u201cUm fax para Colombo\u201d. A abertura contou com um cortejo pelo Rio Paran\u00e1, simbolizando a integra\u00e7\u00e3o entre arte, natureza e povos fronteiri\u00e7os. Al\u00e9m disso, a edi\u00e7\u00e3o 2025 do FeCult promoveu debates sobre a rela\u00e7\u00e3o entre arte e ci\u00eancia, ocupou espa\u00e7os p\u00fablicos e incentivou o protagonismo de artistas locais e internacionais, consolidando-se, assim, como um marco de celebra\u00e7\u00e3o da interculturalidade e da integra\u00e7\u00e3o latino-americana.<\/p>\n<p><strong>Local de realiza\u00e7\u00e3o:<\/strong> Um Chute para o Futuro, Rua Augusto Veloso, 350, Jardim Irma, Foz do Igua\u00e7u, Paran\u00e1 &#8211; Brasil.<\/p>\n<p><strong>Para mais informa\u00e7\u00f5es, acesse:<\/strong> <a href=\"https:\/\/www.instagram.com\/p\/DOmPAW_j8LF\/\" target=\"_blank\" rel=\"noopener\">https:\/\/www.instagram.com\/p\/DOmPAW_j8LF\/<\/a><\/p>\n\n","protected":false},"excerpt":{"rendered":"<p>Realizador(a): UNILA &#8211; Pr\u00f3-Reitoria de Extens\u00e3o In\u00edcio: 10\/09\/25 | T\u00e9rmino: 14\/09\/25 Atividades desenvolvidas: Com o tema \u201cArte, Ci\u00eancia e Territ\u00f3rio \u2013 Por uma Cultura Sustent\u00e1vel\u201d, o Festival de Culturas da UNILA celebrou os 15 anos da institui\u00e7\u00e3o, reunindo mais de 50 atra\u00e7\u00f5es art\u00edsticas e acad\u00eamicas em diversos espa\u00e7os da cidade e nos campi da Universidade. [&hellip;]<\/p>\n","protected":false},"author":2,"featured_media":0,"comment_status":"closed","ping_status":"closed","sticky":false,"template":"","format":"standard","meta":{"footnotes":""},"categories":[260,274],"tags":[],"class_list":["post-16746","post","type-post","status-publish","format-standard","hentry","category-acao-cultural","category-festival"],"_links":{"self":[{"href":"https:\/\/divulga.unila.edu.br\/umapas\/index.php?rest_route=\/wp\/v2\/posts\/16746","targetHints":{"allow":["GET"]}}],"collection":[{"href":"https:\/\/divulga.unila.edu.br\/umapas\/index.php?rest_route=\/wp\/v2\/posts"}],"about":[{"href":"https:\/\/divulga.unila.edu.br\/umapas\/index.php?rest_route=\/wp\/v2\/types\/post"}],"author":[{"embeddable":true,"href":"https:\/\/divulga.unila.edu.br\/umapas\/index.php?rest_route=\/wp\/v2\/users\/2"}],"replies":[{"embeddable":true,"href":"https:\/\/divulga.unila.edu.br\/umapas\/index.php?rest_route=%2Fwp%2Fv2%2Fcomments&post=16746"}],"version-history":[{"count":1,"href":"https:\/\/divulga.unila.edu.br\/umapas\/index.php?rest_route=\/wp\/v2\/posts\/16746\/revisions"}],"predecessor-version":[{"id":16773,"href":"https:\/\/divulga.unila.edu.br\/umapas\/index.php?rest_route=\/wp\/v2\/posts\/16746\/revisions\/16773"}],"wp:attachment":[{"href":"https:\/\/divulga.unila.edu.br\/umapas\/index.php?rest_route=%2Fwp%2Fv2%2Fmedia&parent=16746"}],"wp:term":[{"taxonomy":"category","embeddable":true,"href":"https:\/\/divulga.unila.edu.br\/umapas\/index.php?rest_route=%2Fwp%2Fv2%2Fcategories&post=16746"},{"taxonomy":"post_tag","embeddable":true,"href":"https:\/\/divulga.unila.edu.br\/umapas\/index.php?rest_route=%2Fwp%2Fv2%2Ftags&post=16746"}],"curies":[{"name":"wp","href":"https:\/\/api.w.org\/{rel}","templated":true}]}}