{"id":16698,"date":"2026-02-13T16:24:04","date_gmt":"2026-02-13T19:24:04","guid":{"rendered":"https:\/\/divulga.unila.edu.br\/umapas\/?p=16698"},"modified":"2026-02-13T16:24:06","modified_gmt":"2026-02-13T19:24:06","slug":"suite-no-2-4","status":"publish","type":"post","link":"https:\/\/divulga.unila.edu.br\/umapas\/?p=16698","title":{"rendered":"Su\u00edte N\u00ba 2"},"content":{"rendered":"\n<p><strong>Realizador(a):<\/strong> Cote&#8217;Coi &#8211; Coletivo Teatral e Grupo de Teatro Universit\u00e1rio da UNILA<\/p>\n<p><strong>In\u00edcio:<\/strong> 10\/09\/25 | <strong>T\u00e9rmino:<\/strong> 10\/09\/25<\/p>\n<p><strong>Atividades desenvolvidas:<\/strong> O espet\u00e1culo &#8220;Su\u00edte n\u00ba 2&#8221; apresenta a trajet\u00f3ria de uma violoncelista que, ap\u00f3s perder parte de seus movimentos, revisita mem\u00f3rias marcadas por rupturas e redescobertas, articuladas poeticamente aos fragmentos da Su\u00edte n\u00ba 2 de Johann Sebastian Bach. Com atua\u00e7\u00e3o de Giovanna Pietra e acompanhamento musical de Ale Ramirez, a pe\u00e7a, dirigida pelo diretor de teatro Andr\u00e9 Macedo, adota uma est\u00e9tica minimalista que enfatiza a rela\u00e7\u00e3o entre corpo, m\u00fasica e lembran\u00e7a. Em aproximadamente 30 minutos de dura\u00e7\u00e3o, a narrativa explora temas como vulnerabilidade, identidade e resili\u00eancia, propondo um olhar sens\u00edvel sobre a experi\u00eancia humana.<\/p>\n<p><strong>Local de realiza\u00e7\u00e3o:<\/strong> Sudacas Bar, Avenida Rep\u00fablica Argentina, 1106, Centro, Foz do Igua\u00e7u, Paran\u00e1 &#8211; Brasil.<\/p>\n<p><strong>Para mais informa\u00e7\u00f5es, acesse:<\/strong> <a href=\"https:\/\/www.instagram.com\/p\/DObcXgXjuAS\/\" target=\"_blank\" rel=\"noopener\">https:\/\/www.instagram.com\/p\/DObcXgXjuAS\/<\/a><\/p>\n\n","protected":false},"excerpt":{"rendered":"<p>Realizador(a): Cote&#8217;Coi &#8211; Coletivo Teatral e Grupo de Teatro Universit\u00e1rio da UNILA In\u00edcio: 10\/09\/25 | T\u00e9rmino: 10\/09\/25 Atividades desenvolvidas: O espet\u00e1culo &#8220;Su\u00edte n\u00ba 2&#8221; apresenta a trajet\u00f3ria de uma violoncelista que, ap\u00f3s perder parte de seus movimentos, revisita mem\u00f3rias marcadas por rupturas e redescobertas, articuladas poeticamente aos fragmentos da Su\u00edte n\u00ba 2 de Johann Sebastian [&hellip;]<\/p>\n","protected":false},"author":2,"featured_media":0,"comment_status":"closed","ping_status":"closed","sticky":false,"template":"","format":"standard","meta":{"footnotes":""},"categories":[260,269],"tags":[],"class_list":["post-16698","post","type-post","status-publish","format-standard","hentry","category-acao-cultural","category-espetaculo"],"_links":{"self":[{"href":"https:\/\/divulga.unila.edu.br\/umapas\/index.php?rest_route=\/wp\/v2\/posts\/16698","targetHints":{"allow":["GET"]}}],"collection":[{"href":"https:\/\/divulga.unila.edu.br\/umapas\/index.php?rest_route=\/wp\/v2\/posts"}],"about":[{"href":"https:\/\/divulga.unila.edu.br\/umapas\/index.php?rest_route=\/wp\/v2\/types\/post"}],"author":[{"embeddable":true,"href":"https:\/\/divulga.unila.edu.br\/umapas\/index.php?rest_route=\/wp\/v2\/users\/2"}],"replies":[{"embeddable":true,"href":"https:\/\/divulga.unila.edu.br\/umapas\/index.php?rest_route=%2Fwp%2Fv2%2Fcomments&post=16698"}],"version-history":[{"count":1,"href":"https:\/\/divulga.unila.edu.br\/umapas\/index.php?rest_route=\/wp\/v2\/posts\/16698\/revisions"}],"predecessor-version":[{"id":16723,"href":"https:\/\/divulga.unila.edu.br\/umapas\/index.php?rest_route=\/wp\/v2\/posts\/16698\/revisions\/16723"}],"wp:attachment":[{"href":"https:\/\/divulga.unila.edu.br\/umapas\/index.php?rest_route=%2Fwp%2Fv2%2Fmedia&parent=16698"}],"wp:term":[{"taxonomy":"category","embeddable":true,"href":"https:\/\/divulga.unila.edu.br\/umapas\/index.php?rest_route=%2Fwp%2Fv2%2Fcategories&post=16698"},{"taxonomy":"post_tag","embeddable":true,"href":"https:\/\/divulga.unila.edu.br\/umapas\/index.php?rest_route=%2Fwp%2Fv2%2Ftags&post=16698"}],"curies":[{"name":"wp","href":"https:\/\/api.w.org\/{rel}","templated":true}]}}