{"id":16689,"date":"2026-02-13T16:08:10","date_gmt":"2026-02-13T19:08:10","guid":{"rendered":"https:\/\/divulga.unila.edu.br\/umapas\/?p=16689"},"modified":"2026-02-13T16:08:12","modified_gmt":"2026-02-13T19:08:12","slug":"la-bruja-y-don-cristobal","status":"publish","type":"post","link":"https:\/\/divulga.unila.edu.br\/umapas\/?p=16689","title":{"rendered":"La Bruja y Don Crist\u00f3bal"},"content":{"rendered":"\n<p><strong>Realizador(a):<\/strong> UNILA &#8211; Pr\u00f3-Reitoria de Extens\u00e3o e\nCompanhia T\u00edteres Desde Abajo<\/p>\n<p><strong>In\u00edcio:<\/strong> 13\/08\/25 | <strong>T\u00e9rmino:<\/strong> 13\/08\/25<\/p>\n<p><strong>Atividades desenvolvidas:<\/strong> O espet\u00e1culo &#8220;La Bruja y Don Crist\u00f3bal&#8221; integra o repert\u00f3rio da Companhia &#8220;T\u00edteres Desde Abajo&#8221;, reconhecida por seu trabalho com teatro de marionetes de tradi\u00e7\u00e3o popular. A obra narra o confronto entre Don Crist\u00f3bal, figura associada ao exerc\u00edcio autorit\u00e1rio do poder, e uma bruxa que defende firmemente sua autonomia. A partir dessa oposi\u00e7\u00e3o, a pe\u00e7a articula humor, cr\u00edtica social e elementos simb\u00f3licos que refletem tens\u00f5es contempor\u00e2neas sobre liberdade e domina\u00e7\u00e3o. Com dura\u00e7\u00e3o aproximada de 50 minutos, o espet\u00e1culo combina linguagem visual, manipula\u00e7\u00e3o artesanal de bonecos e estrutura narrativa cl\u00e1ssica, preservando refer\u00eancias hist\u00f3ricas do t\u00edtere ib\u00e9rico.<\/p>\n<p><strong>Local de realiza\u00e7\u00e3o:<\/strong> UNIOESTE &#8211; Campus Foz do Igua\u00e7u, Avenida Tarqu\u00ednio Joslin dos Santos, 1300, Loteamento Universit\u00e1rio das Am\u00e9ricas, Foz do Igua\u00e7u, Paran\u00e1 &#8211; Brasil.<\/p>\n<p><strong>Para mais informa\u00e7\u00f5es, acesse:<\/strong> <a href=\"https:\/\/www.instagram.com\/p\/DNB0od4Rtry\/\" target=\"_blank\" rel=\"noopener\">https:\/\/www.instagram.com\/p\/DNB0od4Rtry\/<\/a><\/p>\n\n","protected":false},"excerpt":{"rendered":"<p>Realizador(a): UNILA &#8211; Pr\u00f3-Reitoria de Extens\u00e3o e Companhia T\u00edteres Desde Abajo In\u00edcio: 13\/08\/25 | T\u00e9rmino: 13\/08\/25 Atividades desenvolvidas: O espet\u00e1culo &#8220;La Bruja y Don Crist\u00f3bal&#8221; integra o repert\u00f3rio da Companhia &#8220;T\u00edteres Desde Abajo&#8221;, reconhecida por seu trabalho com teatro de marionetes de tradi\u00e7\u00e3o popular. A obra narra o confronto entre Don Crist\u00f3bal, figura associada ao [&hellip;]<\/p>\n","protected":false},"author":2,"featured_media":0,"comment_status":"closed","ping_status":"closed","sticky":false,"template":"","format":"standard","meta":{"footnotes":""},"categories":[260,269],"tags":[],"class_list":["post-16689","post","type-post","status-publish","format-standard","hentry","category-acao-cultural","category-espetaculo"],"_links":{"self":[{"href":"https:\/\/divulga.unila.edu.br\/umapas\/index.php?rest_route=\/wp\/v2\/posts\/16689","targetHints":{"allow":["GET"]}}],"collection":[{"href":"https:\/\/divulga.unila.edu.br\/umapas\/index.php?rest_route=\/wp\/v2\/posts"}],"about":[{"href":"https:\/\/divulga.unila.edu.br\/umapas\/index.php?rest_route=\/wp\/v2\/types\/post"}],"author":[{"embeddable":true,"href":"https:\/\/divulga.unila.edu.br\/umapas\/index.php?rest_route=\/wp\/v2\/users\/2"}],"replies":[{"embeddable":true,"href":"https:\/\/divulga.unila.edu.br\/umapas\/index.php?rest_route=%2Fwp%2Fv2%2Fcomments&post=16689"}],"version-history":[{"count":1,"href":"https:\/\/divulga.unila.edu.br\/umapas\/index.php?rest_route=\/wp\/v2\/posts\/16689\/revisions"}],"predecessor-version":[{"id":16713,"href":"https:\/\/divulga.unila.edu.br\/umapas\/index.php?rest_route=\/wp\/v2\/posts\/16689\/revisions\/16713"}],"wp:attachment":[{"href":"https:\/\/divulga.unila.edu.br\/umapas\/index.php?rest_route=%2Fwp%2Fv2%2Fmedia&parent=16689"}],"wp:term":[{"taxonomy":"category","embeddable":true,"href":"https:\/\/divulga.unila.edu.br\/umapas\/index.php?rest_route=%2Fwp%2Fv2%2Fcategories&post=16689"},{"taxonomy":"post_tag","embeddable":true,"href":"https:\/\/divulga.unila.edu.br\/umapas\/index.php?rest_route=%2Fwp%2Fv2%2Ftags&post=16689"}],"curies":[{"name":"wp","href":"https:\/\/api.w.org\/{rel}","templated":true}]}}