{"id":16684,"date":"2026-02-13T16:02:57","date_gmt":"2026-02-13T19:02:57","guid":{"rendered":"https:\/\/divulga.unila.edu.br\/umapas\/?p=16684"},"modified":"2026-02-13T16:02:59","modified_gmt":"2026-02-13T19:02:59","slug":"mirame","status":"publish","type":"post","link":"https:\/\/divulga.unila.edu.br\/umapas\/?p=16684","title":{"rendered":"M\u00edrame"},"content":{"rendered":"\n<p><strong>Realizador(a):<\/strong> UNILA &#8211; Pr\u00f3-Reitoria de Extens\u00e3o e Museu Hist\u00f3rico Willy Barth<\/p>\n<p><strong>In\u00edcio:<\/strong> 18\/06\/25 | <strong>T\u00e9rmino:<\/strong> 03\/08\/25<\/p>\n<p><strong>Atividades desenvolvidas:<\/strong> Instala\u00e7\u00e3o art\u00edstica em plurilinguagem, que congregou cinco mostras com curadoria da Universidade Federal da Integra\u00e7\u00e3o Latino-americana (UNILA). A exposi\u00e7\u00e3o foi composta pela colet\u00e2nea de fotografias em preto e branco &#8220;Retratos Interculturales&#8221;, pelo conjunto de mosaicos &#8220;Poetas de America&#8221;, concebidos pelo equatoriano Javier Guerrero, pelos ret\u00e1bulos em madeira &#8220;Mulheres Ind\u00edgenas: Ra\u00edzes Vivas do Territ\u00f3rio Latino-americano&#8221;, da apresenta\u00e7\u00e3o interativa de literatura visual &#8220;Modos do aconchar\/se&#8221;, e das xilogravuras &#8220;Modos de Morar das Ruralidades N\u00e3o Capitalistas na Am\u00e9rica Latina&#8221;, da nicaraguense Claudia Ochoa.<\/p>\n<p><strong>Local de realiza\u00e7\u00e3o:<\/strong> Museu Hist\u00f3rico Willy Barth, Rua Guarani, 3843, Vila Becker, Toledo, Paran\u00e1 &#8211; Brasil.<\/p>\n<p><strong>Para mais informa\u00e7\u00f5es, acesse:<\/strong> <a href=\"https:\/\/www.instagram.com\/p\/DLBZI50tWMm\/\" target=\"_blank\" rel=\"noopener\">https:\/\/www.instagram.com\/p\/DLBZI50tWMm\/<\/a><\/p>\n\n","protected":false},"excerpt":{"rendered":"<p>Realizador(a): UNILA &#8211; Pr\u00f3-Reitoria de Extens\u00e3o e Museu Hist\u00f3rico Willy Barth In\u00edcio: 18\/06\/25 | T\u00e9rmino: 03\/08\/25 Atividades desenvolvidas: Instala\u00e7\u00e3o art\u00edstica em plurilinguagem, que congregou cinco mostras com curadoria da Universidade Federal da Integra\u00e7\u00e3o Latino-americana (UNILA). A exposi\u00e7\u00e3o foi composta pela colet\u00e2nea de fotografias em preto e branco &#8220;Retratos Interculturales&#8221;, pelo conjunto de mosaicos &#8220;Poetas de [&hellip;]<\/p>\n","protected":false},"author":2,"featured_media":0,"comment_status":"closed","ping_status":"closed","sticky":false,"template":"","format":"standard","meta":{"footnotes":""},"categories":[260,272],"tags":[],"class_list":["post-16684","post","type-post","status-publish","format-standard","hentry","category-acao-cultural","category-exposicao"],"_links":{"self":[{"href":"https:\/\/divulga.unila.edu.br\/umapas\/index.php?rest_route=\/wp\/v2\/posts\/16684","targetHints":{"allow":["GET"]}}],"collection":[{"href":"https:\/\/divulga.unila.edu.br\/umapas\/index.php?rest_route=\/wp\/v2\/posts"}],"about":[{"href":"https:\/\/divulga.unila.edu.br\/umapas\/index.php?rest_route=\/wp\/v2\/types\/post"}],"author":[{"embeddable":true,"href":"https:\/\/divulga.unila.edu.br\/umapas\/index.php?rest_route=\/wp\/v2\/users\/2"}],"replies":[{"embeddable":true,"href":"https:\/\/divulga.unila.edu.br\/umapas\/index.php?rest_route=%2Fwp%2Fv2%2Fcomments&post=16684"}],"version-history":[{"count":1,"href":"https:\/\/divulga.unila.edu.br\/umapas\/index.php?rest_route=\/wp\/v2\/posts\/16684\/revisions"}],"predecessor-version":[{"id":16707,"href":"https:\/\/divulga.unila.edu.br\/umapas\/index.php?rest_route=\/wp\/v2\/posts\/16684\/revisions\/16707"}],"wp:attachment":[{"href":"https:\/\/divulga.unila.edu.br\/umapas\/index.php?rest_route=%2Fwp%2Fv2%2Fmedia&parent=16684"}],"wp:term":[{"taxonomy":"category","embeddable":true,"href":"https:\/\/divulga.unila.edu.br\/umapas\/index.php?rest_route=%2Fwp%2Fv2%2Fcategories&post=16684"},{"taxonomy":"post_tag","embeddable":true,"href":"https:\/\/divulga.unila.edu.br\/umapas\/index.php?rest_route=%2Fwp%2Fv2%2Ftags&post=16684"}],"curies":[{"name":"wp","href":"https:\/\/api.w.org\/{rel}","templated":true}]}}