{"id":16681,"date":"2026-02-13T16:00:19","date_gmt":"2026-02-13T19:00:19","guid":{"rendered":"https:\/\/divulga.unila.edu.br\/umapas\/?p=16681"},"modified":"2026-02-13T16:00:21","modified_gmt":"2026-02-13T19:00:21","slug":"oficina-de-percepcao-ambiental-uma-vivencia-pratica-e-sensivel-em-meio-a-natureza","status":"publish","type":"post","link":"https:\/\/divulga.unila.edu.br\/umapas\/?p=16681","title":{"rendered":"Oficina de Percep\u00e7\u00e3o Ambiental: uma viv\u00eancia pr\u00e1tica e sens\u00edvel em meio \u00e0 natureza"},"content":{"rendered":"\n<p><strong>Realizador(a):<\/strong> Luciana Mello Ribeiro<\/p>\n<p><strong>In\u00edcio:<\/strong> 14\/06\/25 | <strong>T\u00e9rmino:<\/strong> 14\/06\/25<\/p>\n<p><strong>Atividades desenvolvidas:<\/strong> Intitulada &#8220;Oficina de Percep\u00e7\u00e3o Ambiental \u2013 uma viv\u00eancia pr\u00e1tica e sens\u00edvel em meio \u00e0 natureza&#8221;, a atividade realiza-se no \u00e2mbito da programa\u00e7\u00e3o &#8220;Roxo que te quero verde: meio ambiente na extens\u00e3o&#8221; &#8211; concebida pela Pr\u00f3-Reitoria de Extens\u00e3o da UNILA com o objetivo de ampliar o di\u00e1logo sobre sustentabilidade, biodiversidade, mudan\u00e7as clim\u00e1ticas e a rela\u00e7\u00e3o entre seres humanos e natureza, unindo conhecimento cient\u00edfico, manifesta\u00e7\u00f5es culturais e pr\u00e1ticas coletivas.<\/p>\n<p><strong>Local de realiza\u00e7\u00e3o:<\/strong> Parque Nacional do Igua\u00e7u, Avenida das Cataratas, Km 18, Parque Nacional do Igua\u00e7u, Foz do Igua\u00e7u, Paran\u00e1 &#8211; Brasil.<\/p>\n<p><strong>Para mais informa\u00e7\u00f5es, acesse:<\/strong> <a href=\"https:\/\/www.instagram.com\/p\/DKzyTJ6pWO4\/\" target=\"_blank\" rel=\"noopener\">https:\/\/www.instagram.com\/p\/DKzyTJ6pWO4\/<\/a><\/p>\n\n","protected":false},"excerpt":{"rendered":"<p>Realizador(a): Luciana Mello Ribeiro In\u00edcio: 14\/06\/25 | T\u00e9rmino: 14\/06\/25 Atividades desenvolvidas: Intitulada &#8220;Oficina de Percep\u00e7\u00e3o Ambiental \u2013 uma viv\u00eancia pr\u00e1tica e sens\u00edvel em meio \u00e0 natureza&#8221;, a atividade realiza-se no \u00e2mbito da programa\u00e7\u00e3o &#8220;Roxo que te quero verde: meio ambiente na extens\u00e3o&#8221; &#8211; concebida pela Pr\u00f3-Reitoria de Extens\u00e3o da UNILA com o objetivo de ampliar [&hellip;]<\/p>\n","protected":false},"author":2,"featured_media":0,"comment_status":"closed","ping_status":"closed","sticky":false,"template":"","format":"standard","meta":{"footnotes":""},"categories":[260,266],"tags":[],"class_list":["post-16681","post","type-post","status-publish","format-standard","hentry","category-acao-cultural","category-oficina"],"_links":{"self":[{"href":"https:\/\/divulga.unila.edu.br\/umapas\/index.php?rest_route=\/wp\/v2\/posts\/16681","targetHints":{"allow":["GET"]}}],"collection":[{"href":"https:\/\/divulga.unila.edu.br\/umapas\/index.php?rest_route=\/wp\/v2\/posts"}],"about":[{"href":"https:\/\/divulga.unila.edu.br\/umapas\/index.php?rest_route=\/wp\/v2\/types\/post"}],"author":[{"embeddable":true,"href":"https:\/\/divulga.unila.edu.br\/umapas\/index.php?rest_route=\/wp\/v2\/users\/2"}],"replies":[{"embeddable":true,"href":"https:\/\/divulga.unila.edu.br\/umapas\/index.php?rest_route=%2Fwp%2Fv2%2Fcomments&post=16681"}],"version-history":[{"count":1,"href":"https:\/\/divulga.unila.edu.br\/umapas\/index.php?rest_route=\/wp\/v2\/posts\/16681\/revisions"}],"predecessor-version":[{"id":16704,"href":"https:\/\/divulga.unila.edu.br\/umapas\/index.php?rest_route=\/wp\/v2\/posts\/16681\/revisions\/16704"}],"wp:attachment":[{"href":"https:\/\/divulga.unila.edu.br\/umapas\/index.php?rest_route=%2Fwp%2Fv2%2Fmedia&parent=16681"}],"wp:term":[{"taxonomy":"category","embeddable":true,"href":"https:\/\/divulga.unila.edu.br\/umapas\/index.php?rest_route=%2Fwp%2Fv2%2Fcategories&post=16681"},{"taxonomy":"post_tag","embeddable":true,"href":"https:\/\/divulga.unila.edu.br\/umapas\/index.php?rest_route=%2Fwp%2Fv2%2Ftags&post=16681"}],"curies":[{"name":"wp","href":"https:\/\/api.w.org\/{rel}","templated":true}]}}