{"id":16669,"date":"2026-02-13T15:48:37","date_gmt":"2026-02-13T18:48:37","guid":{"rendered":"https:\/\/divulga.unila.edu.br\/umapas\/?p=16669"},"modified":"2026-02-13T15:48:39","modified_gmt":"2026-02-13T18:48:39","slug":"mapeando-as-macrotendencias-da-educacao-ambiental","status":"publish","type":"post","link":"https:\/\/divulga.unila.edu.br\/umapas\/?p=16669","title":{"rendered":"Mapeando as Macrotend\u00eancias da Educa\u00e7\u00e3o Ambiental"},"content":{"rendered":"\n<p><strong>Realizador(a):<\/strong> Luciana Mello Ribeiro<\/p>\n<p><strong>In\u00edcio:<\/strong> 14\/06\/25 | <strong>T\u00e9rmino:<\/strong> 14\/06\/25<\/p>\n<p><strong>Atividades desenvolvidas:<\/strong> Intitulada &#8220;Mapeando as Macrotend\u00eancias da Educa\u00e7\u00e3o Ambiental&#8221;, a oficina realiza-se no \u00e2mbito da programa\u00e7\u00e3o &#8220;Roxo que te quero verde: meio ambiente na extens\u00e3o&#8221; &#8211; concebida pela Pr\u00f3-Reitoria de Extens\u00e3o da UNILA com o objetivo de ampliar o di\u00e1logo sobre sustentabilidade, biodiversidade, mudan\u00e7as clim\u00e1ticas e a rela\u00e7\u00e3o entre seres humanos e natureza, unindo conhecimento cient\u00edfico, manifesta\u00e7\u00f5es culturais e pr\u00e1ticas coletivas.<\/p>\n<p><strong>Local de realiza\u00e7\u00e3o:<\/strong> Parque Nacional do Igua\u00e7u, Avenida das Cataratas, Km 18, Parque Nacional do Igua\u00e7u, Foz do Igua\u00e7u, Paran\u00e1 &#8211; Brasil.<\/p>\n<p><strong>Para mais informa\u00e7\u00f5es, acesse:<\/strong> <a href=\"https:\/\/www.instagram.com\/p\/DKzyTJ6pWO4\/\" target=\"_blank\" rel=\"noopener\">https:\/\/www.instagram.com\/p\/DKzyTJ6pWO4\/<\/a><\/p>\n\n","protected":false},"excerpt":{"rendered":"<p>Realizador(a): Luciana Mello Ribeiro In\u00edcio: 14\/06\/25 | T\u00e9rmino: 14\/06\/25 Atividades desenvolvidas: Intitulada &#8220;Mapeando as Macrotend\u00eancias da Educa\u00e7\u00e3o Ambiental&#8221;, a oficina realiza-se no \u00e2mbito da programa\u00e7\u00e3o &#8220;Roxo que te quero verde: meio ambiente na extens\u00e3o&#8221; &#8211; concebida pela Pr\u00f3-Reitoria de Extens\u00e3o da UNILA com o objetivo de ampliar o di\u00e1logo sobre sustentabilidade, biodiversidade, mudan\u00e7as clim\u00e1ticas e [&hellip;]<\/p>\n","protected":false},"author":2,"featured_media":0,"comment_status":"closed","ping_status":"closed","sticky":false,"template":"","format":"standard","meta":{"footnotes":""},"categories":[260,266],"tags":[],"class_list":["post-16669","post","type-post","status-publish","format-standard","hentry","category-acao-cultural","category-oficina"],"_links":{"self":[{"href":"https:\/\/divulga.unila.edu.br\/umapas\/index.php?rest_route=\/wp\/v2\/posts\/16669","targetHints":{"allow":["GET"]}}],"collection":[{"href":"https:\/\/divulga.unila.edu.br\/umapas\/index.php?rest_route=\/wp\/v2\/posts"}],"about":[{"href":"https:\/\/divulga.unila.edu.br\/umapas\/index.php?rest_route=\/wp\/v2\/types\/post"}],"author":[{"embeddable":true,"href":"https:\/\/divulga.unila.edu.br\/umapas\/index.php?rest_route=\/wp\/v2\/users\/2"}],"replies":[{"embeddable":true,"href":"https:\/\/divulga.unila.edu.br\/umapas\/index.php?rest_route=%2Fwp%2Fv2%2Fcomments&post=16669"}],"version-history":[{"count":1,"href":"https:\/\/divulga.unila.edu.br\/umapas\/index.php?rest_route=\/wp\/v2\/posts\/16669\/revisions"}],"predecessor-version":[{"id":16680,"href":"https:\/\/divulga.unila.edu.br\/umapas\/index.php?rest_route=\/wp\/v2\/posts\/16669\/revisions\/16680"}],"wp:attachment":[{"href":"https:\/\/divulga.unila.edu.br\/umapas\/index.php?rest_route=%2Fwp%2Fv2%2Fmedia&parent=16669"}],"wp:term":[{"taxonomy":"category","embeddable":true,"href":"https:\/\/divulga.unila.edu.br\/umapas\/index.php?rest_route=%2Fwp%2Fv2%2Fcategories&post=16669"},{"taxonomy":"post_tag","embeddable":true,"href":"https:\/\/divulga.unila.edu.br\/umapas\/index.php?rest_route=%2Fwp%2Fv2%2Ftags&post=16669"}],"curies":[{"name":"wp","href":"https:\/\/api.w.org\/{rel}","templated":true}]}}