{"id":16667,"date":"2026-02-13T15:46:38","date_gmt":"2026-02-13T18:46:38","guid":{"rendered":"https:\/\/divulga.unila.edu.br\/umapas\/?p=16667"},"modified":"2026-02-13T15:46:39","modified_gmt":"2026-02-13T18:46:39","slug":"oficina-raizes-da-saudeplantas-medicinais-no-manejo-da-diabetes-e-hipertensao","status":"publish","type":"post","link":"https:\/\/divulga.unila.edu.br\/umapas\/?p=16667","title":{"rendered":"Oficina Ra\u00edzes da Sa\u00fade<br>Plantas medicinais no manejo da diabetes e hipertens\u00e3o"},"content":{"rendered":"\n<p><strong>Realizador(a):<\/strong> Thiago Luis de Andrade Barbosa Analu Ferreira de Souza Schuber\n Clara Meneghetti Kampmam\n Fernando Quachio Meneguetti\n Rafael Valente Arder Santos\n Samuel Ferreira Setra\n S\u00e9rgio Garcia de Figueiredo Filho<\/p>\n<p><strong>In\u00edcio:<\/strong> 09\/06\/25 | <strong>T\u00e9rmino:<\/strong> 09\/06\/25<\/p>\n<p><strong>Atividades desenvolvidas:<\/strong> Oficina sobre o uso tradicional de plantas medicinais realizada no \u00e2mbito da programa\u00e7\u00e3o &#8220;Roxo que te quero verde: meio ambiente na extens\u00e3o&#8221; &#8211; concebida pela Pr\u00f3-Reitoria de Extens\u00e3o da UNILA com o objetivo de ampliar o di\u00e1logo sobre sustentabilidade, biodiversidade, mudan\u00e7as clim\u00e1ticas e a rela\u00e7\u00e3o entre seres humanos e natureza, unindo conhecimento cient\u00edfico, manifesta\u00e7\u00f5es culturais e pr\u00e1ticas coletivas.<\/p>\n<p><strong>Local de realiza\u00e7\u00e3o:<\/strong> Centro Integrado de Apoio \u00e0 Melhor Idade (CIAMI), Rua Iseu Bendo, 788, Montreal, Santa Terezinha de Itaipu, Paran\u00e1 &#8211; Brasil.<\/p>\n<p><strong>Para mais informa\u00e7\u00f5es, acesse:<\/strong> <a href=\"https:\/\/www.instagram.com\/p\/DKkWZrXxrei\/\" target=\"_blank\" rel=\"noopener\">https:\/\/www.instagram.com\/p\/DKkWZrXxrei\/<\/a><\/p>\n\n","protected":false},"excerpt":{"rendered":"<p>Realizador(a): Thiago Luis de Andrade Barbosa Analu Ferreira de Souza Schuber Clara Meneghetti Kampmam Fernando Quachio Meneguetti Rafael Valente Arder Santos Samuel Ferreira Setra S\u00e9rgio Garcia de Figueiredo Filho In\u00edcio: 09\/06\/25 | T\u00e9rmino: 09\/06\/25 Atividades desenvolvidas: Oficina sobre o uso tradicional de plantas medicinais realizada no \u00e2mbito da programa\u00e7\u00e3o &#8220;Roxo que te quero verde: meio [&hellip;]<\/p>\n","protected":false},"author":2,"featured_media":0,"comment_status":"closed","ping_status":"closed","sticky":false,"template":"","format":"standard","meta":{"footnotes":""},"categories":[260,266],"tags":[],"class_list":["post-16667","post","type-post","status-publish","format-standard","hentry","category-acao-cultural","category-oficina"],"_links":{"self":[{"href":"https:\/\/divulga.unila.edu.br\/umapas\/index.php?rest_route=\/wp\/v2\/posts\/16667","targetHints":{"allow":["GET"]}}],"collection":[{"href":"https:\/\/divulga.unila.edu.br\/umapas\/index.php?rest_route=\/wp\/v2\/posts"}],"about":[{"href":"https:\/\/divulga.unila.edu.br\/umapas\/index.php?rest_route=\/wp\/v2\/types\/post"}],"author":[{"embeddable":true,"href":"https:\/\/divulga.unila.edu.br\/umapas\/index.php?rest_route=\/wp\/v2\/users\/2"}],"replies":[{"embeddable":true,"href":"https:\/\/divulga.unila.edu.br\/umapas\/index.php?rest_route=%2Fwp%2Fv2%2Fcomments&post=16667"}],"version-history":[{"count":1,"href":"https:\/\/divulga.unila.edu.br\/umapas\/index.php?rest_route=\/wp\/v2\/posts\/16667\/revisions"}],"predecessor-version":[{"id":16678,"href":"https:\/\/divulga.unila.edu.br\/umapas\/index.php?rest_route=\/wp\/v2\/posts\/16667\/revisions\/16678"}],"wp:attachment":[{"href":"https:\/\/divulga.unila.edu.br\/umapas\/index.php?rest_route=%2Fwp%2Fv2%2Fmedia&parent=16667"}],"wp:term":[{"taxonomy":"category","embeddable":true,"href":"https:\/\/divulga.unila.edu.br\/umapas\/index.php?rest_route=%2Fwp%2Fv2%2Fcategories&post=16667"},{"taxonomy":"post_tag","embeddable":true,"href":"https:\/\/divulga.unila.edu.br\/umapas\/index.php?rest_route=%2Fwp%2Fv2%2Ftags&post=16667"}],"curies":[{"name":"wp","href":"https:\/\/api.w.org\/{rel}","templated":true}]}}