{"id":16665,"date":"2026-02-13T15:44:19","date_gmt":"2026-02-13T18:44:19","guid":{"rendered":"https:\/\/divulga.unila.edu.br\/umapas\/?p=16665"},"modified":"2026-02-13T15:44:20","modified_gmt":"2026-02-13T18:44:20","slug":"natureza-representada-arte-por-quem-estuda-a-vida","status":"publish","type":"post","link":"https:\/\/divulga.unila.edu.br\/umapas\/?p=16665","title":{"rendered":"Natureza representada: arte por quem estuda a vida"},"content":{"rendered":"\n<p><strong>Realizador(a):<\/strong> UNILA &#8211; Pr\u00f3-Reitoria de Extens\u00e3o<\/p>\n<p><strong>In\u00edcio:<\/strong> 06\/06\/25 | <strong>T\u00e9rmino:<\/strong> 20\/07\/25<\/p>\n<p><strong>Atividades desenvolvidas:<\/strong> Integrante da programa\u00e7\u00e3o &#8220;Roxo que te quero verde: meio ambiente na extens\u00e3o&#8221; &#8211; concebida pela Pr\u00f3-Reitoria de Extens\u00e3o da UNILA com o objetivo de ampliar o di\u00e1logo sobre sustentabilidade, biodiversidade, mudan\u00e7as clim\u00e1ticas e a rela\u00e7\u00e3o entre seres humanos e natureza, unindo conhecimento cient\u00edfico, manifesta\u00e7\u00f5es culturais e pr\u00e1ticas coletivas &#8211; a exposi\u00e7\u00e3o \u201cNatureza representada: arte por quem estuda a vida\u201d re\u00fane obras de docentes, estudantes e egressos(as) do curso de gradua\u00e7\u00e3o em Biologia da UNILA, que traduzem em imagens, cores e formas a complexidade e a beleza &#8211; nem sempre \u00f3bvia &#8211; da biodiversidade. A exposi\u00e7\u00e3o \u00e9 um convite \u00e0 contempla\u00e7\u00e3o da natureza, que sempre inspirou express\u00f5es art\u00edsticas &#8211; dos primeiros registros nas cavernas \u00e0s cria\u00e7\u00f5es contempor\u00e2neas. No entanto, o ritmo de vida atual, cada vez mais desconectado do mundo natural, tem nos afastado da experi\u00eancia est\u00e9tica e contemplativa da vida ao nosso redor. Artistas participantes: Alberto Paniagua, Cleto Kaveski, Elaine Soares, Julia Gon\u00e7alves, Lucas Barcelos, Mariana Menezes, Nicolas Heinz e Victoria Marsiglia.<\/p>\n<p><strong>Local de realiza\u00e7\u00e3o:<\/strong> Mercado P\u00fablico Barrageiro, Avenida Arauc\u00e1ria, 140, Vila A, Foz do Igua\u00e7u, Paran\u00e1 &#8211; Brasil.<\/p>\n<p><strong>Para mais informa\u00e7\u00f5es, acesse:<\/strong> <a href=\"https:\/\/www.instagram.com\/p\/DKaM0edJsS7\/\" target=\"_blank\" rel=\"noopener\">https:\/\/www.instagram.com\/p\/DKaM0edJsS7\/<\/a><\/p>\n\n","protected":false},"excerpt":{"rendered":"<p>Realizador(a): UNILA &#8211; Pr\u00f3-Reitoria de Extens\u00e3o In\u00edcio: 06\/06\/25 | T\u00e9rmino: 20\/07\/25 Atividades desenvolvidas: Integrante da programa\u00e7\u00e3o &#8220;Roxo que te quero verde: meio ambiente na extens\u00e3o&#8221; &#8211; concebida pela Pr\u00f3-Reitoria de Extens\u00e3o da UNILA com o objetivo de ampliar o di\u00e1logo sobre sustentabilidade, biodiversidade, mudan\u00e7as clim\u00e1ticas e a rela\u00e7\u00e3o entre seres humanos e natureza, unindo conhecimento [&hellip;]<\/p>\n","protected":false},"author":2,"featured_media":0,"comment_status":"closed","ping_status":"closed","sticky":false,"template":"","format":"standard","meta":{"footnotes":""},"categories":[260,272],"tags":[],"class_list":["post-16665","post","type-post","status-publish","format-standard","hentry","category-acao-cultural","category-exposicao"],"_links":{"self":[{"href":"https:\/\/divulga.unila.edu.br\/umapas\/index.php?rest_route=\/wp\/v2\/posts\/16665","targetHints":{"allow":["GET"]}}],"collection":[{"href":"https:\/\/divulga.unila.edu.br\/umapas\/index.php?rest_route=\/wp\/v2\/posts"}],"about":[{"href":"https:\/\/divulga.unila.edu.br\/umapas\/index.php?rest_route=\/wp\/v2\/types\/post"}],"author":[{"embeddable":true,"href":"https:\/\/divulga.unila.edu.br\/umapas\/index.php?rest_route=\/wp\/v2\/users\/2"}],"replies":[{"embeddable":true,"href":"https:\/\/divulga.unila.edu.br\/umapas\/index.php?rest_route=%2Fwp%2Fv2%2Fcomments&post=16665"}],"version-history":[{"count":1,"href":"https:\/\/divulga.unila.edu.br\/umapas\/index.php?rest_route=\/wp\/v2\/posts\/16665\/revisions"}],"predecessor-version":[{"id":16676,"href":"https:\/\/divulga.unila.edu.br\/umapas\/index.php?rest_route=\/wp\/v2\/posts\/16665\/revisions\/16676"}],"wp:attachment":[{"href":"https:\/\/divulga.unila.edu.br\/umapas\/index.php?rest_route=%2Fwp%2Fv2%2Fmedia&parent=16665"}],"wp:term":[{"taxonomy":"category","embeddable":true,"href":"https:\/\/divulga.unila.edu.br\/umapas\/index.php?rest_route=%2Fwp%2Fv2%2Fcategories&post=16665"},{"taxonomy":"post_tag","embeddable":true,"href":"https:\/\/divulga.unila.edu.br\/umapas\/index.php?rest_route=%2Fwp%2Fv2%2Ftags&post=16665"}],"curies":[{"name":"wp","href":"https:\/\/api.w.org\/{rel}","templated":true}]}}