{"id":16661,"date":"2026-02-13T15:39:40","date_gmt":"2026-02-13T18:39:40","guid":{"rendered":"https:\/\/divulga.unila.edu.br\/umapas\/?p=16661"},"modified":"2026-02-13T15:39:41","modified_gmt":"2026-02-13T18:39:41","slug":"oficina-de-atuacao-por-intensidades","status":"publish","type":"post","link":"https:\/\/divulga.unila.edu.br\/umapas\/?p=16661","title":{"rendered":"Oficina de Atua\u00e7\u00e3o por Intensidades"},"content":{"rendered":"\n<p><strong>Realizador(a):<\/strong> Laborat\u00f3rio de atua\u00e7\u00e3o do N\u00facleo de Pesquisas sobre Processos de Cria\u00e7\u00e3o Art\u00edstica (\u00c1HQIS), da Universidade do Estado de Santa Catarina (UDESC), e Puentes Esc\u00e9nicas<\/p>\n<p><strong>In\u00edcio:<\/strong> 03\/06\/25 | <strong>T\u00e9rmino:<\/strong> 03\/06\/25<\/p>\n<p><strong>Atividades desenvolvidas:<\/strong> Oficina ofertada pelo grupo que comp\u00f5e o laborat\u00f3rio de atua\u00e7\u00e3o do \u00c1HQIS, coordenado pelo prof. Dr. Andr\u00e9 Carreira, e vinculado \u00e0 Universidade do Estado de Santa Catarina (UDESC), que tamb\u00e9m apresenta o espet\u00e1culo &#8220;Teste de elenco ou se a terra \u00e9 plana, eu estou caindo da beirada&#8221;.<\/p>\n<p><strong>Local de realiza\u00e7\u00e3o:<\/strong> Centro Integrado de Apoio \u00e0 Melhor Idade (CIAMI), Rua Iseu Bendo, 788, Montreal, Santa Terezinha de Itaipu, Paran\u00e1 &#8211; Brasil.<\/p>\n<p><strong>Para mais informa\u00e7\u00f5es, acesse:<\/strong> <a href=\"https:\/\/portal.unila.edu.br\/eventos\/espetaculo-teatral\" target=\"_blank\" rel=\"noopener\">https:\/\/portal.unila.edu.br\/eventos\/espetaculo-teatral<\/a><\/p>\n\n","protected":false},"excerpt":{"rendered":"<p>Realizador(a): Laborat\u00f3rio de atua\u00e7\u00e3o do N\u00facleo de Pesquisas sobre Processos de Cria\u00e7\u00e3o Art\u00edstica (\u00c1HQIS), da Universidade do Estado de Santa Catarina (UDESC), e Puentes Esc\u00e9nicas In\u00edcio: 03\/06\/25 | T\u00e9rmino: 03\/06\/25 Atividades desenvolvidas: Oficina ofertada pelo grupo que comp\u00f5e o laborat\u00f3rio de atua\u00e7\u00e3o do \u00c1HQIS, coordenado pelo prof. Dr. Andr\u00e9 Carreira, e vinculado \u00e0 Universidade do [&hellip;]<\/p>\n","protected":false},"author":2,"featured_media":0,"comment_status":"closed","ping_status":"closed","sticky":false,"template":"","format":"standard","meta":{"footnotes":""},"categories":[260,266],"tags":[],"class_list":["post-16661","post","type-post","status-publish","format-standard","hentry","category-acao-cultural","category-oficina"],"_links":{"self":[{"href":"https:\/\/divulga.unila.edu.br\/umapas\/index.php?rest_route=\/wp\/v2\/posts\/16661","targetHints":{"allow":["GET"]}}],"collection":[{"href":"https:\/\/divulga.unila.edu.br\/umapas\/index.php?rest_route=\/wp\/v2\/posts"}],"about":[{"href":"https:\/\/divulga.unila.edu.br\/umapas\/index.php?rest_route=\/wp\/v2\/types\/post"}],"author":[{"embeddable":true,"href":"https:\/\/divulga.unila.edu.br\/umapas\/index.php?rest_route=\/wp\/v2\/users\/2"}],"replies":[{"embeddable":true,"href":"https:\/\/divulga.unila.edu.br\/umapas\/index.php?rest_route=%2Fwp%2Fv2%2Fcomments&post=16661"}],"version-history":[{"count":1,"href":"https:\/\/divulga.unila.edu.br\/umapas\/index.php?rest_route=\/wp\/v2\/posts\/16661\/revisions"}],"predecessor-version":[{"id":16672,"href":"https:\/\/divulga.unila.edu.br\/umapas\/index.php?rest_route=\/wp\/v2\/posts\/16661\/revisions\/16672"}],"wp:attachment":[{"href":"https:\/\/divulga.unila.edu.br\/umapas\/index.php?rest_route=%2Fwp%2Fv2%2Fmedia&parent=16661"}],"wp:term":[{"taxonomy":"category","embeddable":true,"href":"https:\/\/divulga.unila.edu.br\/umapas\/index.php?rest_route=%2Fwp%2Fv2%2Fcategories&post=16661"},{"taxonomy":"post_tag","embeddable":true,"href":"https:\/\/divulga.unila.edu.br\/umapas\/index.php?rest_route=%2Fwp%2Fv2%2Ftags&post=16661"}],"curies":[{"name":"wp","href":"https:\/\/api.w.org\/{rel}","templated":true}]}}