{"id":16647,"date":"2026-02-13T15:06:07","date_gmt":"2026-02-13T18:06:07","guid":{"rendered":"https:\/\/divulga.unila.edu.br\/umapas\/?p=16647"},"modified":"2026-02-13T15:06:08","modified_gmt":"2026-02-13T18:06:08","slug":"oficina-espacos-abertos","status":"publish","type":"post","link":"https:\/\/divulga.unila.edu.br\/umapas\/?p=16647","title":{"rendered":"Oficina Espa\u00e7os Abertos"},"content":{"rendered":"\n<p><strong>Realizador(a):<\/strong> Laborat\u00f3rio de atua\u00e7\u00e3o do N\u00facleo de Pesquisas sobre Processos de Cria\u00e7\u00e3o Art\u00edstica (\u00c1HQIS), da Universidade do Estado de Santa Catarina (UDESC), e Puentes Esc\u00e9nicas<\/p>\n<p><strong>In\u00edcio:<\/strong> 30\/05\/25 | <strong>T\u00e9rmino:<\/strong> 02\/06\/25<\/p>\n<p><strong>Atividades desenvolvidas:<\/strong> Oficina ofertada pelo grupo que comp\u00f5e o laborat\u00f3rio de atua\u00e7\u00e3o do \u00c1HQIS, coordenado pelo prof. Dr. Andr\u00e9 Carreira, e vinculado \u00e0 Universidade do Estado de Santa Catarina (UDESC), que tamb\u00e9m apresenta o espet\u00e1culo &#8220;Teste de elenco ou se a terra \u00e9 plana, eu estou caindo da beirada&#8221;.<\/p>\n<p><strong>Local de realiza\u00e7\u00e3o:<\/strong> Esta\u00e7\u00e3o Cultural Haroldo Alvarenga, Avenida Jorge Schimmelpfeng, 62, Centro, Foz do Igua\u00e7u, Paran\u00e1 &#8211; Brasil.<\/p>\n<p><strong>Para mais informa\u00e7\u00f5es, acesse:<\/strong> <a href=\"https:\/\/portal.unila.edu.br\/eventos\/espetaculo-teatral\" target=\"_blank\" rel=\"noopener\">https:\/\/portal.unila.edu.br\/eventos\/espetaculo-teatral<\/a><\/p>\n\n","protected":false},"excerpt":{"rendered":"<p>Realizador(a): Laborat\u00f3rio de atua\u00e7\u00e3o do N\u00facleo de Pesquisas sobre Processos de Cria\u00e7\u00e3o Art\u00edstica (\u00c1HQIS), da Universidade do Estado de Santa Catarina (UDESC), e Puentes Esc\u00e9nicas In\u00edcio: 30\/05\/25 | T\u00e9rmino: 02\/06\/25 Atividades desenvolvidas: Oficina ofertada pelo grupo que comp\u00f5e o laborat\u00f3rio de atua\u00e7\u00e3o do \u00c1HQIS, coordenado pelo prof. Dr. Andr\u00e9 Carreira, e vinculado \u00e0 Universidade do [&hellip;]<\/p>\n","protected":false},"author":2,"featured_media":0,"comment_status":"closed","ping_status":"closed","sticky":false,"template":"","format":"standard","meta":{"footnotes":""},"categories":[260,266],"tags":[],"class_list":["post-16647","post","type-post","status-publish","format-standard","hentry","category-acao-cultural","category-oficina"],"_links":{"self":[{"href":"https:\/\/divulga.unila.edu.br\/umapas\/index.php?rest_route=\/wp\/v2\/posts\/16647","targetHints":{"allow":["GET"]}}],"collection":[{"href":"https:\/\/divulga.unila.edu.br\/umapas\/index.php?rest_route=\/wp\/v2\/posts"}],"about":[{"href":"https:\/\/divulga.unila.edu.br\/umapas\/index.php?rest_route=\/wp\/v2\/types\/post"}],"author":[{"embeddable":true,"href":"https:\/\/divulga.unila.edu.br\/umapas\/index.php?rest_route=\/wp\/v2\/users\/2"}],"replies":[{"embeddable":true,"href":"https:\/\/divulga.unila.edu.br\/umapas\/index.php?rest_route=%2Fwp%2Fv2%2Fcomments&post=16647"}],"version-history":[{"count":1,"href":"https:\/\/divulga.unila.edu.br\/umapas\/index.php?rest_route=\/wp\/v2\/posts\/16647\/revisions"}],"predecessor-version":[{"id":16654,"href":"https:\/\/divulga.unila.edu.br\/umapas\/index.php?rest_route=\/wp\/v2\/posts\/16647\/revisions\/16654"}],"wp:attachment":[{"href":"https:\/\/divulga.unila.edu.br\/umapas\/index.php?rest_route=%2Fwp%2Fv2%2Fmedia&parent=16647"}],"wp:term":[{"taxonomy":"category","embeddable":true,"href":"https:\/\/divulga.unila.edu.br\/umapas\/index.php?rest_route=%2Fwp%2Fv2%2Fcategories&post=16647"},{"taxonomy":"post_tag","embeddable":true,"href":"https:\/\/divulga.unila.edu.br\/umapas\/index.php?rest_route=%2Fwp%2Fv2%2Ftags&post=16647"}],"curies":[{"name":"wp","href":"https:\/\/api.w.org\/{rel}","templated":true}]}}