{"id":16642,"date":"2026-02-13T14:55:37","date_gmt":"2026-02-13T17:55:37","guid":{"rendered":"https:\/\/divulga.unila.edu.br\/umapas\/?p=16642"},"modified":"2026-02-13T14:55:39","modified_gmt":"2026-02-13T17:55:39","slug":"mulheres-indigenas-raizes-vivas-do-territorio-latino-americano","status":"publish","type":"post","link":"https:\/\/divulga.unila.edu.br\/umapas\/?p=16642","title":{"rendered":"Mulheres Ind\u00edgenas: Ra\u00edzes Vivas do Territ\u00f3rio Latino-americano"},"content":{"rendered":"\n<p><strong>Realizador(a):<\/strong> UNILA &#8211; Pr\u00f3-Reitoria de Extens\u00e3o e Instituto Latino-Americano de Economia, Sociedade e Pol\u00edtica<\/p>\n<p><strong>In\u00edcio:<\/strong> 11\/04\/25 | <strong>T\u00e9rmino:<\/strong> 01\/06\/25<\/p>\n<p><strong>Atividades desenvolvidas:<\/strong> Exposi\u00e7\u00e3o realizada em conjunto com o Instituto Latino-Americano de Economia, Sociedade e Pol\u00edtica (ILAESP\/UNILA) como parte do calend\u00e1rio de comemora\u00e7\u00f5es alusivas aos quinze anos da Universidade Federal da Integra\u00e7\u00e3o Latino-Americana. A mostra celebrou, em sete pain\u00e9is, a for\u00e7a criativa e ancestral das mulheres origin\u00e1rias ao retratar, por meio de pinturas murais, sua conex\u00e3o com a terra, a resist\u00eancia cultural e seu papel central nas artes e tradi\u00e7\u00f5es. Cada painel explora s\u00edmbolos, cores e narrativas de diferentes povos, revelando a diversidade e a unidade das heran\u00e7as ind\u00edgenas, e convidou o p\u00fablico a reconhecer essas vozes como guardi\u00e3s da mem\u00f3ria e agentes de transforma\u00e7\u00e3o no continente, uma homenagem \u00e0 vitalidade e ao futuro dessas culturas.<\/p>\n<p><strong>Local de realiza\u00e7\u00e3o:<\/strong> Mercado P\u00fablico Barrageiro, Avenida Arauc\u00e1ria, 140, Vila A, Foz do Igua\u00e7u, Paran\u00e1 &#8211; Brasil.<\/p>\n<p><strong>Para mais informa\u00e7\u00f5es, acesse:<\/strong> <a href=\"https:\/\/www.instagram.com\/p\/DIOW_2yxWrI\/\" target=\"_blank\" rel=\"noopener\">https:\/\/www.instagram.com\/p\/DIOW_2yxWrI\/<\/a><\/p>\n\n","protected":false},"excerpt":{"rendered":"<p>Realizador(a): UNILA &#8211; Pr\u00f3-Reitoria de Extens\u00e3o e Instituto Latino-Americano de Economia, Sociedade e Pol\u00edtica In\u00edcio: 11\/04\/25 | T\u00e9rmino: 01\/06\/25 Atividades desenvolvidas: Exposi\u00e7\u00e3o realizada em conjunto com o Instituto Latino-Americano de Economia, Sociedade e Pol\u00edtica (ILAESP\/UNILA) como parte do calend\u00e1rio de comemora\u00e7\u00f5es alusivas aos quinze anos da Universidade Federal da Integra\u00e7\u00e3o Latino-Americana. A mostra celebrou, em [&hellip;]<\/p>\n","protected":false},"author":2,"featured_media":0,"comment_status":"closed","ping_status":"closed","sticky":false,"template":"","format":"standard","meta":{"footnotes":""},"categories":[260,272],"tags":[],"class_list":["post-16642","post","type-post","status-publish","format-standard","hentry","category-acao-cultural","category-exposicao"],"_links":{"self":[{"href":"https:\/\/divulga.unila.edu.br\/umapas\/index.php?rest_route=\/wp\/v2\/posts\/16642","targetHints":{"allow":["GET"]}}],"collection":[{"href":"https:\/\/divulga.unila.edu.br\/umapas\/index.php?rest_route=\/wp\/v2\/posts"}],"about":[{"href":"https:\/\/divulga.unila.edu.br\/umapas\/index.php?rest_route=\/wp\/v2\/types\/post"}],"author":[{"embeddable":true,"href":"https:\/\/divulga.unila.edu.br\/umapas\/index.php?rest_route=\/wp\/v2\/users\/2"}],"replies":[{"embeddable":true,"href":"https:\/\/divulga.unila.edu.br\/umapas\/index.php?rest_route=%2Fwp%2Fv2%2Fcomments&post=16642"}],"version-history":[{"count":1,"href":"https:\/\/divulga.unila.edu.br\/umapas\/index.php?rest_route=\/wp\/v2\/posts\/16642\/revisions"}],"predecessor-version":[{"id":16644,"href":"https:\/\/divulga.unila.edu.br\/umapas\/index.php?rest_route=\/wp\/v2\/posts\/16642\/revisions\/16644"}],"wp:attachment":[{"href":"https:\/\/divulga.unila.edu.br\/umapas\/index.php?rest_route=%2Fwp%2Fv2%2Fmedia&parent=16642"}],"wp:term":[{"taxonomy":"category","embeddable":true,"href":"https:\/\/divulga.unila.edu.br\/umapas\/index.php?rest_route=%2Fwp%2Fv2%2Fcategories&post=16642"},{"taxonomy":"post_tag","embeddable":true,"href":"https:\/\/divulga.unila.edu.br\/umapas\/index.php?rest_route=%2Fwp%2Fv2%2Ftags&post=16642"}],"curies":[{"name":"wp","href":"https:\/\/api.w.org\/{rel}","templated":true}]}}