{"id":16245,"date":"2023-09-12T10:43:28","date_gmt":"2023-09-12T13:43:28","guid":{"rendered":"https:\/\/divulga.unila.edu.br\/umapas\/?p=16245"},"modified":"2023-09-12T10:43:46","modified_gmt":"2023-09-12T13:43:46","slug":"promocao-da-saude-planetaria-no-contexto-de-atencao-primaria-ambiental-psp-apa-2","status":"publish","type":"post","link":"https:\/\/divulga.unila.edu.br\/umapas\/?p=16245","title":{"rendered":"Promo\u00e7\u00e3o da Sa\u00fade Planet\u00e1ria no contexto de Aten\u00e7\u00e3o Prim\u00e1ria Ambiental (PSP-APA)"},"content":{"rendered":"<p style=\"text-align: justify;\"><strong>Coordenador:<\/strong> Luis Fernando Boff Zarpelon<\/p>\n<p style=\"text-align: justify;\"><strong>Contato:<\/strong> luis.zarpelon@unila.edu.br<\/p>\n<p><strong>Local de realiza\u00e7\u00e3o:<\/strong> Instituto Ideia Ambiental de Foz do Igua\u00e7u &#8211; Rua Bartolomeu de Gusm\u00e3o, 1379, Centro, Foz do Igua\u00e7u, Paran\u00e1 &#8211; Brasil.<\/p>\n<p><strong>Para mais informa\u00e7\u00f5es, acesse: <\/strong><a href=\"https:\/\/sig.unila.edu.br\/sigaa\/link\/public\/extensao\/visualizacaoAcaoExtensao\/91795953\" target=\"_blank\" rel=\"noopener\">https:\/\/sig.unila.edu.br\/sigaa\/link\/public\/extensao\/visualizacaoAcaoExtensao\/91795953<\/a><\/p>\n","protected":false},"excerpt":{"rendered":"<p>Coordenador: Luis Fernando Boff Zarpelon Contato: luis.zarpelon@unila.edu.br Local de realiza\u00e7\u00e3o: Instituto Ideia Ambiental de Foz do Igua\u00e7u &#8211; Rua Bartolomeu de Gusm\u00e3o, 1379, Centro, Foz do Igua\u00e7u, Paran\u00e1 &#8211; Brasil. Para mais informa\u00e7\u00f5es, acesse: https:\/\/sig.unila.edu.br\/sigaa\/link\/public\/extensao\/visualizacaoAcaoExtensao\/91795953<\/p>\n","protected":false},"author":2,"featured_media":0,"comment_status":"closed","ping_status":"open","sticky":false,"template":"","format":"standard","meta":{"footnotes":""},"categories":[42,43,54],"tags":[],"class_list":["post-16245","post","type-post","status-publish","format-standard","hentry","category-acao-de-extensao","category-projeto","category-saude"],"_links":{"self":[{"href":"https:\/\/divulga.unila.edu.br\/umapas\/index.php?rest_route=\/wp\/v2\/posts\/16245","targetHints":{"allow":["GET"]}}],"collection":[{"href":"https:\/\/divulga.unila.edu.br\/umapas\/index.php?rest_route=\/wp\/v2\/posts"}],"about":[{"href":"https:\/\/divulga.unila.edu.br\/umapas\/index.php?rest_route=\/wp\/v2\/types\/post"}],"author":[{"embeddable":true,"href":"https:\/\/divulga.unila.edu.br\/umapas\/index.php?rest_route=\/wp\/v2\/users\/2"}],"replies":[{"embeddable":true,"href":"https:\/\/divulga.unila.edu.br\/umapas\/index.php?rest_route=%2Fwp%2Fv2%2Fcomments&post=16245"}],"version-history":[{"count":2,"href":"https:\/\/divulga.unila.edu.br\/umapas\/index.php?rest_route=\/wp\/v2\/posts\/16245\/revisions"}],"predecessor-version":[{"id":16290,"href":"https:\/\/divulga.unila.edu.br\/umapas\/index.php?rest_route=\/wp\/v2\/posts\/16245\/revisions\/16290"}],"wp:attachment":[{"href":"https:\/\/divulga.unila.edu.br\/umapas\/index.php?rest_route=%2Fwp%2Fv2%2Fmedia&parent=16245"}],"wp:term":[{"taxonomy":"category","embeddable":true,"href":"https:\/\/divulga.unila.edu.br\/umapas\/index.php?rest_route=%2Fwp%2Fv2%2Fcategories&post=16245"},{"taxonomy":"post_tag","embeddable":true,"href":"https:\/\/divulga.unila.edu.br\/umapas\/index.php?rest_route=%2Fwp%2Fv2%2Ftags&post=16245"}],"curies":[{"name":"wp","href":"https:\/\/api.w.org\/{rel}","templated":true}]}}