{"id":15604,"date":"2023-09-06T10:19:21","date_gmt":"2023-09-06T13:19:21","guid":{"rendered":"https:\/\/divulga.unila.edu.br\/umapas\/?p=15604"},"modified":"2023-09-06T10:21:12","modified_gmt":"2023-09-06T13:21:12","slug":"favelas-br-acervos-comunitarios-producoes-historicas-e-protagonismo-feminino","status":"publish","type":"post","link":"https:\/\/divulga.unila.edu.br\/umapas\/?p=15604","title":{"rendered":"Favelas.br: acervos comunit\u00e1rios, produ\u00e7\u00f5es hist\u00f3ricas e protagonismo feminino"},"content":{"rendered":"<p style=\"text-align: justify;\"><strong>Coordenador:<\/strong> Rodrigo Faustinoni Bonciani<\/p>\n<p style=\"text-align: justify;\"><strong>Contato:<\/strong> rodrigo.bonciani@unila.edu.br<\/p>\n<p><strong>Local de realiza\u00e7\u00e3o:<\/strong> Central \u00danica das Favelas Paran\u00e1 (CUFA PR) &#8211; Rua Silveira Neto, 805, \u00c1gua Verde, Curitiba, Paran\u00e1 &#8211; Brasil.<\/p>\n<p><strong>Para mais informa\u00e7\u00f5es, acesse: <\/strong><a href=\"https:\/\/sig.unila.edu.br\/sigaa\/link\/public\/extensao\/visualizacaoAcaoExtensao\/91795840\" target=\"_blank\" rel=\"noopener\">https:\/\/sig.unila.edu.br\/sigaa\/link\/public\/extensao\/visualizacaoAcaoExtensao\/91795840<\/a><\/p>\n","protected":false},"excerpt":{"rendered":"<p>Coordenador: Rodrigo Faustinoni Bonciani Contato: rodrigo.bonciani@unila.edu.br Local de realiza\u00e7\u00e3o: Central \u00danica das Favelas Paran\u00e1 (CUFA PR) &#8211; Rua Silveira Neto, 805, \u00c1gua Verde, Curitiba, Paran\u00e1 &#8211; Brasil. Para mais informa\u00e7\u00f5es, acesse: https:\/\/sig.unila.edu.br\/sigaa\/link\/public\/extensao\/visualizacaoAcaoExtensao\/91795840<\/p>\n","protected":false},"author":2,"featured_media":0,"comment_status":"closed","ping_status":"open","sticky":false,"template":"","format":"standard","meta":{"footnotes":""},"categories":[42,51,43],"tags":[],"class_list":["post-15604","post","type-post","status-publish","format-standard","hentry","category-acao-de-extensao","category-direitos-humanos-e-justica","category-projeto"],"_links":{"self":[{"href":"https:\/\/divulga.unila.edu.br\/umapas\/index.php?rest_route=\/wp\/v2\/posts\/15604","targetHints":{"allow":["GET"]}}],"collection":[{"href":"https:\/\/divulga.unila.edu.br\/umapas\/index.php?rest_route=\/wp\/v2\/posts"}],"about":[{"href":"https:\/\/divulga.unila.edu.br\/umapas\/index.php?rest_route=\/wp\/v2\/types\/post"}],"author":[{"embeddable":true,"href":"https:\/\/divulga.unila.edu.br\/umapas\/index.php?rest_route=\/wp\/v2\/users\/2"}],"replies":[{"embeddable":true,"href":"https:\/\/divulga.unila.edu.br\/umapas\/index.php?rest_route=%2Fwp%2Fv2%2Fcomments&post=15604"}],"version-history":[{"count":3,"href":"https:\/\/divulga.unila.edu.br\/umapas\/index.php?rest_route=\/wp\/v2\/posts\/15604\/revisions"}],"predecessor-version":[{"id":15667,"href":"https:\/\/divulga.unila.edu.br\/umapas\/index.php?rest_route=\/wp\/v2\/posts\/15604\/revisions\/15667"}],"wp:attachment":[{"href":"https:\/\/divulga.unila.edu.br\/umapas\/index.php?rest_route=%2Fwp%2Fv2%2Fmedia&parent=15604"}],"wp:term":[{"taxonomy":"category","embeddable":true,"href":"https:\/\/divulga.unila.edu.br\/umapas\/index.php?rest_route=%2Fwp%2Fv2%2Fcategories&post=15604"},{"taxonomy":"post_tag","embeddable":true,"href":"https:\/\/divulga.unila.edu.br\/umapas\/index.php?rest_route=%2Fwp%2Fv2%2Ftags&post=15604"}],"curies":[{"name":"wp","href":"https:\/\/api.w.org\/{rel}","templated":true}]}}