{"id":15601,"date":"2023-09-06T10:16:32","date_gmt":"2023-09-06T13:16:32","guid":{"rendered":"https:\/\/divulga.unila.edu.br\/umapas\/?p=15601"},"modified":"2023-09-06T10:20:55","modified_gmt":"2023-09-06T13:20:55","slug":"foz-do-iguacu-usos-do-territorio-pela-violencia-contra-as-mulheres-causas-consequencias-formas-de-prevencao-aprimoramento-da-rede-de-prevencao-da-violencia-contra-as-mulheres-no-municipi-3","status":"publish","type":"post","link":"https:\/\/divulga.unila.edu.br\/umapas\/?p=15601","title":{"rendered":"Foz do Igua\u00e7u: Usos do Territ\u00f3rio pela Viol\u00eancia contra as Mulheres \u2013 Causas, Consequ\u00eancias, Formas de Preven\u00e7\u00e3o. Aprimoramento da Rede de Preven\u00e7\u00e3o da Viol\u00eancia contra as Mulheres no Munic\u00edpio"},"content":{"rendered":"<p style=\"text-align: justify;\"><strong>Coordenador:<\/strong> James Humberto Zomighani Junior<\/p>\n<p style=\"text-align: justify;\"><strong>Contato:<\/strong> james.junior@unila.edu.br<\/p>\n<p><strong>Local de realiza\u00e7\u00e3o:<\/strong> Delegacia da Mulher de Foz do Igua\u00e7u &#8211; Pol\u00edcia Civil do Paran\u00e1 &#8211; Avenida Anhembi, 223, Vila A, Foz do Igua\u00e7u, Paran\u00e1 &#8211; Brasil.<\/p>\n<p><strong>Para mais informa\u00e7\u00f5es, acesse: <\/strong><a href=\"https:\/\/sig.unila.edu.br\/sigaa\/link\/public\/extensao\/visualizacaoAcaoExtensao\/91795837\" target=\"_blank\" rel=\"noopener\">https:\/\/sig.unila.edu.br\/sigaa\/link\/public\/extensao\/visualizacaoAcaoExtensao\/91795837<\/a><\/p>\n","protected":false},"excerpt":{"rendered":"<p>Coordenador: James Humberto Zomighani Junior Contato: james.junior@unila.edu.br Local de realiza\u00e7\u00e3o: Delegacia da Mulher de Foz do Igua\u00e7u &#8211; Pol\u00edcia Civil do Paran\u00e1 &#8211; Avenida Anhembi, 223, Vila A, Foz do Igua\u00e7u, Paran\u00e1 &#8211; Brasil. Para mais informa\u00e7\u00f5es, acesse: https:\/\/sig.unila.edu.br\/sigaa\/link\/public\/extensao\/visualizacaoAcaoExtensao\/91795837<\/p>\n","protected":false},"author":2,"featured_media":0,"comment_status":"closed","ping_status":"open","sticky":false,"template":"","format":"standard","meta":{"footnotes":""},"categories":[42,51,43],"tags":[],"class_list":["post-15601","post","type-post","status-publish","format-standard","hentry","category-acao-de-extensao","category-direitos-humanos-e-justica","category-projeto"],"_links":{"self":[{"href":"https:\/\/divulga.unila.edu.br\/umapas\/index.php?rest_route=\/wp\/v2\/posts\/15601","targetHints":{"allow":["GET"]}}],"collection":[{"href":"https:\/\/divulga.unila.edu.br\/umapas\/index.php?rest_route=\/wp\/v2\/posts"}],"about":[{"href":"https:\/\/divulga.unila.edu.br\/umapas\/index.php?rest_route=\/wp\/v2\/types\/post"}],"author":[{"embeddable":true,"href":"https:\/\/divulga.unila.edu.br\/umapas\/index.php?rest_route=\/wp\/v2\/users\/2"}],"replies":[{"embeddable":true,"href":"https:\/\/divulga.unila.edu.br\/umapas\/index.php?rest_route=%2Fwp%2Fv2%2Fcomments&post=15601"}],"version-history":[{"count":3,"href":"https:\/\/divulga.unila.edu.br\/umapas\/index.php?rest_route=\/wp\/v2\/posts\/15601\/revisions"}],"predecessor-version":[{"id":15661,"href":"https:\/\/divulga.unila.edu.br\/umapas\/index.php?rest_route=\/wp\/v2\/posts\/15601\/revisions\/15661"}],"wp:attachment":[{"href":"https:\/\/divulga.unila.edu.br\/umapas\/index.php?rest_route=%2Fwp%2Fv2%2Fmedia&parent=15601"}],"wp:term":[{"taxonomy":"category","embeddable":true,"href":"https:\/\/divulga.unila.edu.br\/umapas\/index.php?rest_route=%2Fwp%2Fv2%2Fcategories&post=15601"},{"taxonomy":"post_tag","embeddable":true,"href":"https:\/\/divulga.unila.edu.br\/umapas\/index.php?rest_route=%2Fwp%2Fv2%2Ftags&post=15601"}],"curies":[{"name":"wp","href":"https:\/\/api.w.org\/{rel}","templated":true}]}}