{"id":15523,"date":"2023-09-05T16:45:02","date_gmt":"2023-09-05T19:45:02","guid":{"rendered":"https:\/\/divulga.unila.edu.br\/umapas\/?p=15523"},"modified":"2023-09-05T16:45:06","modified_gmt":"2023-09-05T19:45:06","slug":"ciencia-tecnologia-e-pesquisa-nos-espacos-de-aprendizagem-formal-2","status":"publish","type":"post","link":"https:\/\/divulga.unila.edu.br\/umapas\/?p=15523","title":{"rendered":"Ci\u00eancia, Tecnologia e Pesquisa nos Espa\u00e7os de Aprendizagem Formal"},"content":{"rendered":"<p style=\"text-align: justify;\"><strong>Coordenadora:<\/strong> M\u00e1rcia Regina Becker<\/p>\n<p style=\"text-align: justify;\"><strong>Contato:<\/strong> marcia.becker@unila.edu.br<\/p>\n<p><strong>Local de realiza\u00e7\u00e3o:<\/strong> Col\u00e9gio Estadual Pioneiros &#8211; Rua Paulo Schertner, 238, Jardim It\u00e1lia, Foz do Igua\u00e7u, Paran\u00e1 &#8211; Brasil.<\/p>\n<p><strong>Para mais informa\u00e7\u00f5es, acesse: <\/strong><a href=\"https:\/\/sig.unila.edu.br\/sigaa\/link\/public\/extensao\/visualizacaoAcaoExtensao\/91795788\" target=\"_blank\" rel=\"noopener\">https:\/\/sig.unila.edu.br\/sigaa\/link\/public\/extensao\/visualizacaoAcaoExtensao\/91795788<\/a><\/p>\n","protected":false},"excerpt":{"rendered":"<p>Coordenadora: M\u00e1rcia Regina Becker Contato: marcia.becker@unila.edu.br Local de realiza\u00e7\u00e3o: Col\u00e9gio Estadual Pioneiros &#8211; Rua Paulo Schertner, 238, Jardim It\u00e1lia, Foz do Igua\u00e7u, Paran\u00e1 &#8211; Brasil. Para mais informa\u00e7\u00f5es, acesse: https:\/\/sig.unila.edu.br\/sigaa\/link\/public\/extensao\/visualizacaoAcaoExtensao\/91795788<\/p>\n","protected":false},"author":2,"featured_media":0,"comment_status":"closed","ping_status":"open","sticky":false,"template":"","format":"standard","meta":{"footnotes":""},"categories":[42,52,43],"tags":[],"class_list":["post-15523","post","type-post","status-publish","format-standard","hentry","category-acao-de-extensao","category-educacao-letras-e-linguas","category-projeto"],"_links":{"self":[{"href":"https:\/\/divulga.unila.edu.br\/umapas\/index.php?rest_route=\/wp\/v2\/posts\/15523","targetHints":{"allow":["GET"]}}],"collection":[{"href":"https:\/\/divulga.unila.edu.br\/umapas\/index.php?rest_route=\/wp\/v2\/posts"}],"about":[{"href":"https:\/\/divulga.unila.edu.br\/umapas\/index.php?rest_route=\/wp\/v2\/types\/post"}],"author":[{"embeddable":true,"href":"https:\/\/divulga.unila.edu.br\/umapas\/index.php?rest_route=\/wp\/v2\/users\/2"}],"replies":[{"embeddable":true,"href":"https:\/\/divulga.unila.edu.br\/umapas\/index.php?rest_route=%2Fwp%2Fv2%2Fcomments&post=15523"}],"version-history":[{"count":2,"href":"https:\/\/divulga.unila.edu.br\/umapas\/index.php?rest_route=\/wp\/v2\/posts\/15523\/revisions"}],"predecessor-version":[{"id":15556,"href":"https:\/\/divulga.unila.edu.br\/umapas\/index.php?rest_route=\/wp\/v2\/posts\/15523\/revisions\/15556"}],"wp:attachment":[{"href":"https:\/\/divulga.unila.edu.br\/umapas\/index.php?rest_route=%2Fwp%2Fv2%2Fmedia&parent=15523"}],"wp:term":[{"taxonomy":"category","embeddable":true,"href":"https:\/\/divulga.unila.edu.br\/umapas\/index.php?rest_route=%2Fwp%2Fv2%2Fcategories&post=15523"},{"taxonomy":"post_tag","embeddable":true,"href":"https:\/\/divulga.unila.edu.br\/umapas\/index.php?rest_route=%2Fwp%2Fv2%2Ftags&post=15523"}],"curies":[{"name":"wp","href":"https:\/\/api.w.org\/{rel}","templated":true}]}}