{"id":15375,"date":"2023-09-05T16:07:46","date_gmt":"2023-09-05T19:07:46","guid":{"rendered":"https:\/\/divulga.unila.edu.br\/umapas\/?p=15375"},"modified":"2023-09-05T16:07:55","modified_gmt":"2023-09-05T19:07:55","slug":"ensino-aprendizagem-de-portugues-para-falantes-de-outras-linguas-uma-introducao","status":"publish","type":"post","link":"https:\/\/divulga.unila.edu.br\/umapas\/?p=15375","title":{"rendered":"Ensino-aprendizagem de portugu\u00eas para falantes de outras l\u00ednguas: uma introdu\u00e7\u00e3o"},"content":{"rendered":"<p style=\"text-align: justify;\"><strong>Coordenadora:<\/strong> Valdilena Ramm\u00e9<\/p>\n<p style=\"text-align: justify;\"><strong>Contato:<\/strong> valdilena.ramme@unila.edu.br<\/p>\n<p><strong>Local de realiza\u00e7\u00e3o:<\/strong> UNILA Campus Jardim Universit\u00e1rio &#8211; Avenida Tarqu\u00ednio Joslin dos Santos, 1000, Loteamento Universit\u00e1rio das Am\u00e9ricas, Foz do Igua\u00e7u, Paran\u00e1 &#8211; Brasil.<\/p>\n<p><strong>Para mais informa\u00e7\u00f5es, acesse: <\/strong><a href=\"https:\/\/sig.unila.edu.br\/sigaa\/link\/public\/extensao\/visualizacaoAcaoExtensao\/91796039\" target=\"_blank\" rel=\"noopener\">https:\/\/sig.unila.edu.br\/sigaa\/link\/public\/extensao\/visualizacaoAcaoExtensao\/91796039<\/a><\/p>\n","protected":false},"excerpt":{"rendered":"<p>Coordenadora: Valdilena Ramm\u00e9 Contato: valdilena.ramme@unila.edu.br Local de realiza\u00e7\u00e3o: UNILA Campus Jardim Universit\u00e1rio &#8211; Avenida Tarqu\u00ednio Joslin dos Santos, 1000, Loteamento Universit\u00e1rio das Am\u00e9ricas, Foz do Igua\u00e7u, Paran\u00e1 &#8211; Brasil. Para mais informa\u00e7\u00f5es, acesse: https:\/\/sig.unila.edu.br\/sigaa\/link\/public\/extensao\/visualizacaoAcaoExtensao\/91796039<\/p>\n","protected":false},"author":2,"featured_media":0,"comment_status":"closed","ping_status":"open","sticky":false,"template":"","format":"standard","meta":{"footnotes":""},"categories":[42,45,52],"tags":[],"class_list":["post-15375","post","type-post","status-publish","format-standard","hentry","category-acao-de-extensao","category-curso","category-educacao-letras-e-linguas"],"_links":{"self":[{"href":"https:\/\/divulga.unila.edu.br\/umapas\/index.php?rest_route=\/wp\/v2\/posts\/15375","targetHints":{"allow":["GET"]}}],"collection":[{"href":"https:\/\/divulga.unila.edu.br\/umapas\/index.php?rest_route=\/wp\/v2\/posts"}],"about":[{"href":"https:\/\/divulga.unila.edu.br\/umapas\/index.php?rest_route=\/wp\/v2\/types\/post"}],"author":[{"embeddable":true,"href":"https:\/\/divulga.unila.edu.br\/umapas\/index.php?rest_route=\/wp\/v2\/users\/2"}],"replies":[{"embeddable":true,"href":"https:\/\/divulga.unila.edu.br\/umapas\/index.php?rest_route=%2Fwp%2Fv2%2Fcomments&post=15375"}],"version-history":[{"count":2,"href":"https:\/\/divulga.unila.edu.br\/umapas\/index.php?rest_route=\/wp\/v2\/posts\/15375\/revisions"}],"predecessor-version":[{"id":15382,"href":"https:\/\/divulga.unila.edu.br\/umapas\/index.php?rest_route=\/wp\/v2\/posts\/15375\/revisions\/15382"}],"wp:attachment":[{"href":"https:\/\/divulga.unila.edu.br\/umapas\/index.php?rest_route=%2Fwp%2Fv2%2Fmedia&parent=15375"}],"wp:term":[{"taxonomy":"category","embeddable":true,"href":"https:\/\/divulga.unila.edu.br\/umapas\/index.php?rest_route=%2Fwp%2Fv2%2Fcategories&post=15375"},{"taxonomy":"post_tag","embeddable":true,"href":"https:\/\/divulga.unila.edu.br\/umapas\/index.php?rest_route=%2Fwp%2Fv2%2Ftags&post=15375"}],"curies":[{"name":"wp","href":"https:\/\/api.w.org\/{rel}","templated":true}]}}