{"id":15362,"date":"2023-09-05T16:05:46","date_gmt":"2023-09-05T19:05:46","guid":{"rendered":"https:\/\/divulga.unila.edu.br\/umapas\/?p=15362"},"modified":"2023-09-05T16:06:01","modified_gmt":"2023-09-05T19:06:01","slug":"ensino-aprendizagem-de-portugues-em-contexto-de-integracao-a-comunidade-de-foz-do-iguacu","status":"publish","type":"post","link":"https:\/\/divulga.unila.edu.br\/umapas\/?p=15362","title":{"rendered":"Ensino aprendizagem de Portugu\u00eas em contexto de Integra\u00e7\u00e3o \u00e0 comunidade de Foz do Igua\u00e7u"},"content":{"rendered":"<p style=\"text-align: justify;\"><strong>Coordenadora:<\/strong> Jorgelina Ivana Tallei<\/p>\n<p style=\"text-align: justify;\"><strong>Contato:<\/strong> jorgelina.tallei@unila.edu.br<\/p>\n<p><strong>Local de realiza\u00e7\u00e3o:<\/strong> Escola Municipal Ponte da Amizade &#8211; Avenida Tancredo Neves, 3159, Jardim Jupira, Foz do Igua\u00e7u, Paran\u00e1 &#8211; Brasil.<\/p>\n<p><strong>Para mais informa\u00e7\u00f5es, acesse: <\/strong><a href=\"https:\/\/sig.unila.edu.br\/sigaa\/link\/public\/extensao\/visualizacaoAcaoExtensao\/91796021\" target=\"_blank\" rel=\"noopener\">https:\/\/sig.unila.edu.br\/sigaa\/link\/public\/extensao\/visualizacaoAcaoExtensao\/91796021<\/a><\/p>\n","protected":false},"excerpt":{"rendered":"<p>Coordenadora: Jorgelina Ivana Tallei Contato: jorgelina.tallei@unila.edu.br Local de realiza\u00e7\u00e3o: Escola Municipal Ponte da Amizade &#8211; Avenida Tancredo Neves, 3159, Jardim Jupira, Foz do Igua\u00e7u, Paran\u00e1 &#8211; Brasil. Para mais informa\u00e7\u00f5es, acesse: https:\/\/sig.unila.edu.br\/sigaa\/link\/public\/extensao\/visualizacaoAcaoExtensao\/91796021<\/p>\n","protected":false},"author":2,"featured_media":0,"comment_status":"closed","ping_status":"open","sticky":false,"template":"","format":"standard","meta":{"footnotes":""},"categories":[42,45,52],"tags":[],"class_list":["post-15362","post","type-post","status-publish","format-standard","hentry","category-acao-de-extensao","category-curso","category-educacao-letras-e-linguas"],"_links":{"self":[{"href":"https:\/\/divulga.unila.edu.br\/umapas\/index.php?rest_route=\/wp\/v2\/posts\/15362","targetHints":{"allow":["GET"]}}],"collection":[{"href":"https:\/\/divulga.unila.edu.br\/umapas\/index.php?rest_route=\/wp\/v2\/posts"}],"about":[{"href":"https:\/\/divulga.unila.edu.br\/umapas\/index.php?rest_route=\/wp\/v2\/types\/post"}],"author":[{"embeddable":true,"href":"https:\/\/divulga.unila.edu.br\/umapas\/index.php?rest_route=\/wp\/v2\/users\/2"}],"replies":[{"embeddable":true,"href":"https:\/\/divulga.unila.edu.br\/umapas\/index.php?rest_route=%2Fwp%2Fv2%2Fcomments&post=15362"}],"version-history":[{"count":2,"href":"https:\/\/divulga.unila.edu.br\/umapas\/index.php?rest_route=\/wp\/v2\/posts\/15362\/revisions"}],"predecessor-version":[{"id":15374,"href":"https:\/\/divulga.unila.edu.br\/umapas\/index.php?rest_route=\/wp\/v2\/posts\/15362\/revisions\/15374"}],"wp:attachment":[{"href":"https:\/\/divulga.unila.edu.br\/umapas\/index.php?rest_route=%2Fwp%2Fv2%2Fmedia&parent=15362"}],"wp:term":[{"taxonomy":"category","embeddable":true,"href":"https:\/\/divulga.unila.edu.br\/umapas\/index.php?rest_route=%2Fwp%2Fv2%2Fcategories&post=15362"},{"taxonomy":"post_tag","embeddable":true,"href":"https:\/\/divulga.unila.edu.br\/umapas\/index.php?rest_route=%2Fwp%2Fv2%2Ftags&post=15362"}],"curies":[{"name":"wp","href":"https:\/\/api.w.org\/{rel}","templated":true}]}}