{"id":14977,"date":"2023-03-24T10:31:21","date_gmt":"2023-03-24T13:31:21","guid":{"rendered":"https:\/\/unila.edu.br\/umapas\/?p=14977"},"modified":"2023-03-24T11:04:34","modified_gmt":"2023-03-24T14:04:34","slug":"associacao-de-pais-e-amigos-dos-excepcionais-apae-foz","status":"publish","type":"post","link":"https:\/\/divulga.unila.edu.br\/umapas\/?p=14977","title":{"rendered":"Associa\u00e7\u00e3o de Pais e Amigos dos Excepcionais (APAE-Foz)"},"content":{"rendered":"<p style=\"text-align: justify;\"><span data-sheets-value=\"{&quot;1&quot;:2,&quot;2&quot;:&quot;O Instituto ADIFI desenvolve diversas atividades para atender a popula\u00e7\u00e3o com diabetes em Foz do Igua\u00e7u, tais como: campanhas educativas nos bairros; aulas de culin\u00e1ria; terapia comunit\u00e1ria integrativa; conscientiza\u00e7\u00e3o sobre a import\u00e2ncia do descarte correto do lixo gerado pelo tratamento; orienta\u00e7\u00e3o para estudantes, docentes e comunidade escolar; treinamento de equipes de sa\u00fade; assist\u00eancia direta \u00e0s pessoas com diabetes; p\u00e9 diab\u00e9tico; uso de novas tecnologias de monitoramento em pacientes de 4 a 17 anos; pesquisas avan\u00e7adas e pr\u00e1ticas integrativas; e publica\u00e7\u00f5es nacionais e internacionais. &quot;}\" data-sheets-userformat=\"{&quot;2&quot;:13249,&quot;3&quot;:{&quot;1&quot;:2,&quot;2&quot;:&quot;000&quot;,&quot;3&quot;:1},&quot;9&quot;:1,&quot;10&quot;:1,&quot;11&quot;:4,&quot;12&quot;:0,&quot;15&quot;:&quot;Comic Sans MS&quot;,&quot;16&quot;:12}\">A Associa\u00e7\u00e3o de Pais e Amigos dos Excepcionais trabalha com escolariza\u00e7\u00e3o na modalidade especial e desenvolve atividades voltadas para o bem estar e socializa\u00e7\u00e3o dos(as) alunos(as).<br \/>\n<\/span><\/p>\n<p style=\"text-align: justify;\"><strong>P\u00fablico-alvo:<\/strong>\u00a0Pessoas com defici\u00eancia intelectiva, m\u00faltiplas defici\u00eancias e transtorno do espectro autista.<\/p>\n<p style=\"text-align: left;\"><strong>Endere\u00e7o: <\/strong>Rua Padre Bernardo Plate, 1536, Jardim Polo Centro, Foz do Igua\u00e7u, Paran\u00e1, Brasil. CEP: 85.863-719.<\/p>\n<p style=\"text-align: left;\"><strong>Contato:<\/strong>\u00a0(45) 35736229 |\u00a0<span data-sheets-value=\"{&quot;1&quot;:2,&quot;2&quot;:&quot;(45) 99909-5864&quot;}\" data-sheets-userformat=\"{&quot;2&quot;:13249,&quot;3&quot;:{&quot;1&quot;:2,&quot;2&quot;:&quot;000&quot;,&quot;3&quot;:1},&quot;9&quot;:1,&quot;10&quot;:1,&quot;11&quot;:4,&quot;12&quot;:0,&quot;15&quot;:&quot;Comic Sans MS&quot;,&quot;16&quot;:12}\">(45) 991421735 | <\/span>adm.apaefoz@gmail.com <span data-sheets-value=\"{&quot;1&quot;:2,&quot;2&quot;:&quot;gestao@fraternidadealianca.org.br&quot;}\" data-sheets-userformat=\"{&quot;2&quot;:13249,&quot;3&quot;:{&quot;1&quot;:2,&quot;2&quot;:&quot;000&quot;,&quot;3&quot;:1},&quot;9&quot;:1,&quot;10&quot;:1,&quot;11&quot;:4,&quot;12&quot;:0,&quot;15&quot;:&quot;Comic Sans MS&quot;,&quot;16&quot;:12}\">| <a href=\"https:\/\/www.facebook.com\/apaefoz\" target=\"_blank\">https:\/\/www.facebook.com\/apaefoz<\/a> | <a href=\"https:\/\/www.instagram.com\/apaefoz\/\" target=\"_blank\">https:\/\/www.instagram.com\/apaefoz\/<\/a><br \/>\n<\/span><\/p>\n<p style=\"text-align: left;\"><strong>Demandas:<\/strong><span data-sheets-value=\"{&quot;1&quot;:2,&quot;2&quot;:&quot;Demandas: capacita\u00e7\u00e3o na \u00e1rea de sa\u00fade (compras de medicamentos) e acompanhamento de editais de compras municipais.\\n&quot;}\" data-sheets-userformat=\"{&quot;2&quot;:13249,&quot;3&quot;:{&quot;1&quot;:2,&quot;2&quot;:&quot;000&quot;,&quot;3&quot;:1},&quot;9&quot;:1,&quot;10&quot;:1,&quot;11&quot;:4,&quot;12&quot;:0,&quot;15&quot;:&quot;Comic Sans MS&quot;,&quot;16&quot;:12}\"><span data-sheets-value=\"{&quot;1&quot;:2,&quot;2&quot;:&quot;Demandas: Atividades de educa\u00e7\u00e3o ambiental (palestras e oficinas) e capacita\u00e7\u00e3o nas \u00e1reas de meio ambiente, inform\u00e1tica e eletr\u00f4nica.&quot;}\" data-sheets-userformat=\"{&quot;2&quot;:13249,&quot;3&quot;:{&quot;1&quot;:2,&quot;2&quot;:&quot;000&quot;,&quot;3&quot;:1},&quot;9&quot;:1,&quot;10&quot;:1,&quot;11&quot;:4,&quot;12&quot;:0,&quot;15&quot;:&quot;Comic Sans MS&quot;,&quot;16&quot;:12}\"><span data-sheets-value=\"{&quot;1&quot;:2,&quot;2&quot;:&quot;Demandas: atividades na \u00e1rea de sa\u00fade voltadas para atendimento m\u00e9dico em endocrinologia.&quot;}\" data-sheets-userformat=\"{&quot;2&quot;:13249,&quot;3&quot;:{&quot;1&quot;:2,&quot;2&quot;:&quot;000&quot;,&quot;3&quot;:1},&quot;9&quot;:1,&quot;10&quot;:1,&quot;11&quot;:4,&quot;12&quot;:0,&quot;15&quot;:&quot;Comic Sans MS&quot;,&quot;16&quot;:12}\"> cursos de capacita\u00e7\u00e3o voltados para os profissionais que trabalham com atendimento aos estudantes com transtorno do espectro autista (TEA), e atividades direcionadas aos familiares de pessoas com TEA.<br \/>\n<\/span><\/span><\/span><\/p>\n","protected":false},"excerpt":{"rendered":"<p>A Associa\u00e7\u00e3o de Pais e Amigos dos Excepcionais trabalha com escolariza\u00e7\u00e3o na modalidade especial e desenvolve atividades voltadas para o bem estar e socializa\u00e7\u00e3o dos(as) alunos(as). P\u00fablico-alvo:\u00a0Pessoas com defici\u00eancia intelectiva, m\u00faltiplas defici\u00eancias e transtorno do espectro autista. Endere\u00e7o: Rua Padre Bernardo Plate, 1536, Jardim Polo Centro, Foz do Igua\u00e7u, Paran\u00e1, Brasil. CEP: 85.863-719. Contato:\u00a0(45) 35736229 [&hellip;]<\/p>\n","protected":false},"author":2,"featured_media":0,"comment_status":"closed","ping_status":"open","sticky":false,"template":"","format":"standard","meta":{"footnotes":""},"categories":[32,41,30],"tags":[256],"class_list":["post-14977","post","type-post","status-publish","format-standard","hentry","category-associacao-privada","category-atores-sociais","category-instituicao-privada","tag-apae-deficiencia-intelectiva-foz-do-iguacu"],"_links":{"self":[{"href":"https:\/\/divulga.unila.edu.br\/umapas\/index.php?rest_route=\/wp\/v2\/posts\/14977","targetHints":{"allow":["GET"]}}],"collection":[{"href":"https:\/\/divulga.unila.edu.br\/umapas\/index.php?rest_route=\/wp\/v2\/posts"}],"about":[{"href":"https:\/\/divulga.unila.edu.br\/umapas\/index.php?rest_route=\/wp\/v2\/types\/post"}],"author":[{"embeddable":true,"href":"https:\/\/divulga.unila.edu.br\/umapas\/index.php?rest_route=\/wp\/v2\/users\/2"}],"replies":[{"embeddable":true,"href":"https:\/\/divulga.unila.edu.br\/umapas\/index.php?rest_route=%2Fwp%2Fv2%2Fcomments&post=14977"}],"version-history":[{"count":1,"href":"https:\/\/divulga.unila.edu.br\/umapas\/index.php?rest_route=\/wp\/v2\/posts\/14977\/revisions"}],"predecessor-version":[{"id":14979,"href":"https:\/\/divulga.unila.edu.br\/umapas\/index.php?rest_route=\/wp\/v2\/posts\/14977\/revisions\/14979"}],"wp:attachment":[{"href":"https:\/\/divulga.unila.edu.br\/umapas\/index.php?rest_route=%2Fwp%2Fv2%2Fmedia&parent=14977"}],"wp:term":[{"taxonomy":"category","embeddable":true,"href":"https:\/\/divulga.unila.edu.br\/umapas\/index.php?rest_route=%2Fwp%2Fv2%2Fcategories&post=14977"},{"taxonomy":"post_tag","embeddable":true,"href":"https:\/\/divulga.unila.edu.br\/umapas\/index.php?rest_route=%2Fwp%2Fv2%2Ftags&post=14977"}],"curies":[{"name":"wp","href":"https:\/\/api.w.org\/{rel}","templated":true}]}}