{"id":14858,"date":"2023-02-08T16:11:34","date_gmt":"2023-02-08T19:11:34","guid":{"rendered":"https:\/\/unila.edu.br\/umapas\/?p=14858"},"modified":"2023-02-08T16:11:34","modified_gmt":"2023-02-08T19:11:34","slug":"direito-a-poesia-circulos-de-leitura-e-oficinas-de-escrita-com-pessoas-em-privacao-de-liberdade-2022-23-2","status":"publish","type":"post","link":"https:\/\/divulga.unila.edu.br\/umapas\/?p=14858","title":{"rendered":"Direito \u00e0 Poesia &#8211; c\u00edrculos de leitura e oficinas de escrita com pessoas em priva\u00e7\u00e3o de liberdade \/ 2022-23"},"content":{"rendered":"<p style=\"text-align: justify;\"><strong>Coordenadora:<\/strong> Cristiane Checchia<\/p>\n<p style=\"text-align: justify;\"><strong>Contato:<\/strong> cristiane.checchia@unila.edu.br<\/p>\n<p><strong>Local de realiza\u00e7\u00e3o:<\/strong> Penitenci\u00e1ria Estadual de Foz do Igua\u00e7u I (PEF I) &#8211; Avenida Merc\u00fario, 850, Jardim Tr\u00eas Fronteiras, Foz do Igua\u00e7u, Paran\u00e1 &#8211; Brasil.<\/p>\n<p><strong>Para mais informa\u00e7\u00f5es, acesse: <\/strong><a href=\"https:\/\/sig.unila.edu.br\/sigaa\/link\/public\/extensao\/visualizacaoAcaoExtensao\/91795720\" target=\"_blank\">https:\/\/sig.unila.edu.br\/sigaa\/link\/public\/extensao\/visualizacaoAcaoExtensao\/91795720<\/a><strong><br \/>\n<\/strong><\/p>\n","protected":false},"excerpt":{"rendered":"<p>Coordenadora: Cristiane Checchia Contato: cristiane.checchia@unila.edu.br Local de realiza\u00e7\u00e3o: Penitenci\u00e1ria Estadual de Foz do Igua\u00e7u I (PEF I) &#8211; Avenida Merc\u00fario, 850, Jardim Tr\u00eas Fronteiras, Foz do Igua\u00e7u, Paran\u00e1 &#8211; Brasil. Para mais informa\u00e7\u00f5es, acesse: https:\/\/sig.unila.edu.br\/sigaa\/link\/public\/extensao\/visualizacaoAcaoExtensao\/91795720<\/p>\n","protected":false},"author":2,"featured_media":0,"comment_status":"closed","ping_status":"open","sticky":false,"template":"","format":"standard","meta":{"footnotes":""},"categories":[42,52,43],"tags":[],"class_list":["post-14858","post","type-post","status-publish","format-standard","hentry","category-acao-de-extensao","category-educacao-letras-e-linguas","category-projeto"],"_links":{"self":[{"href":"https:\/\/divulga.unila.edu.br\/umapas\/index.php?rest_route=\/wp\/v2\/posts\/14858","targetHints":{"allow":["GET"]}}],"collection":[{"href":"https:\/\/divulga.unila.edu.br\/umapas\/index.php?rest_route=\/wp\/v2\/posts"}],"about":[{"href":"https:\/\/divulga.unila.edu.br\/umapas\/index.php?rest_route=\/wp\/v2\/types\/post"}],"author":[{"embeddable":true,"href":"https:\/\/divulga.unila.edu.br\/umapas\/index.php?rest_route=\/wp\/v2\/users\/2"}],"replies":[{"embeddable":true,"href":"https:\/\/divulga.unila.edu.br\/umapas\/index.php?rest_route=%2Fwp%2Fv2%2Fcomments&post=14858"}],"version-history":[{"count":1,"href":"https:\/\/divulga.unila.edu.br\/umapas\/index.php?rest_route=\/wp\/v2\/posts\/14858\/revisions"}],"predecessor-version":[{"id":14859,"href":"https:\/\/divulga.unila.edu.br\/umapas\/index.php?rest_route=\/wp\/v2\/posts\/14858\/revisions\/14859"}],"wp:attachment":[{"href":"https:\/\/divulga.unila.edu.br\/umapas\/index.php?rest_route=%2Fwp%2Fv2%2Fmedia&parent=14858"}],"wp:term":[{"taxonomy":"category","embeddable":true,"href":"https:\/\/divulga.unila.edu.br\/umapas\/index.php?rest_route=%2Fwp%2Fv2%2Fcategories&post=14858"},{"taxonomy":"post_tag","embeddable":true,"href":"https:\/\/divulga.unila.edu.br\/umapas\/index.php?rest_route=%2Fwp%2Fv2%2Ftags&post=14858"}],"curies":[{"name":"wp","href":"https:\/\/api.w.org\/{rel}","templated":true}]}}